{"id":923,"date":"2026-03-08T12:15:47","date_gmt":"2026-03-08T11:15:47","guid":{"rendered":"https:\/\/www.holidaytrex.com\/magazine.p25000.de\/?p=923"},"modified":"2026-03-10T15:54:24","modified_gmt":"2026-03-10T14:54:24","slug":"most-beautiful-hiking-areas-south-tyrol","status":"publish","type":"post","link":"https:\/\/www.holidaytrex.com\/magazine.p25000.de\/hiking-trekking\/most-beautiful-hiking-areas-south-tyrol\/","title":{"rendered":"Sch\u00f6nste Wandergebiete S\u00fcdtirol: Die Top-Ziele f\u00fcr Wanderfreunde"},"content":{"rendered":"<p><strong>In S\u00fcdtirol z\u00e4hlt das Wandern im Sommer zu den beliebtesten Aktivit\u00e4ten von Natur- und Bergliebhabern. Die Region bietet eine beeindruckende Vielfalt an Landschaften, von gem\u00fctlichen Genusswanderungen durch bl\u00fchende Almwiesen bis zu herausfordernden Gipfeltouren in den Dolomiten. Von sanften T\u00e4lern bis zu schroffen Felsformationen erleben Aktivurlauber hier Natur pur. <a href=\"https:\/\/www.holidaytrex.com\/index.de.html\" target=\"_blank\" rel=\"noopener\">HolidayTrex<\/a> stellt die sch\u00f6nsten Wandergebiete S\u00fcdtirols vor und gibt kompakte Tipps f\u00fcr unvergessliche Touren.<\/strong><\/p>\n<div class=\"tt-post-image-wrapper tt-post-image-wrapper-full\">\n            <div class=\"tt-image-copyright-container\">\n                <a href=\"https:\/\/www.holidaytrex.com\/magazine.p25000.de\/files\/2026\/03\/RS28097_shutterstock_569289094-hsc.jpg\" target=\"_blank\" rel=\"noopener\"><img loading=\"lazy\" decoding=\"async\" data-wrapped=\"true\" class=\"wp-image-1192 size-Artikelbild_gro\u00df\" title=\"In S\u00fcdtirol k\u00f6nnen Aktivurlauber Hunderte Kilometer wunderbarer Wanderwege in einer traumhaften Hochgebirgslandschaft der Dolomiten entdecken.\" src=\"https:\/\/www.holidaytrex.com\/magazine.p25000.de\/files\/2026\/03\/RS28097_shutterstock_569289094-hsc-729x486.jpg\" alt=\"In S\u00fcdtirol k\u00f6nnen Aktivurlauber Hunderte Kilometer wunderbarer Wanderwege in einer traumhaften Hochgebirgslandschaft der Dolomiten entdecken.\" width=\"729\" height=\"486\" srcset=\"https:\/\/www.holidaytrex.com\/magazine.p25000.de\/files\/2026\/03\/RS28097_shutterstock_569289094-hsc-729x486.jpg 729w, https:\/\/www.holidaytrex.com\/magazine.p25000.de\/files\/2026\/03\/RS28097_shutterstock_569289094-hsc-290x193.jpg 290w, https:\/\/www.holidaytrex.com\/magazine.p25000.de\/files\/2026\/03\/RS28097_shutterstock_569289094-hsc-728x485.jpg 728w, https:\/\/www.holidaytrex.com\/magazine.p25000.de\/files\/2026\/03\/RS28097_shutterstock_569289094-hsc-768x512.jpg 768w, https:\/\/www.holidaytrex.com\/magazine.p25000.de\/files\/2026\/03\/RS28097_shutterstock_569289094-hsc-1536x1024.jpg 1536w, https:\/\/www.holidaytrex.com\/magazine.p25000.de\/files\/2026\/03\/RS28097_shutterstock_569289094-hsc-468x312.jpg 468w, https:\/\/www.holidaytrex.com\/magazine.p25000.de\/files\/2026\/03\/RS28097_shutterstock_569289094-hsc-300x200.jpg 300w, https:\/\/www.holidaytrex.com\/magazine.p25000.de\/files\/2026\/03\/RS28097_shutterstock_569289094-hsc-999x666.jpg 999w, https:\/\/www.holidaytrex.com\/magazine.p25000.de\/files\/2026\/03\/RS28097_shutterstock_569289094-hsc-645x430.jpg 645w, https:\/\/www.holidaytrex.com\/magazine.p25000.de\/files\/2026\/03\/RS28097_shutterstock_569289094-hsc-552x368.jpg 552w, https:\/\/www.holidaytrex.com\/magazine.p25000.de\/files\/2026\/03\/RS28097_shutterstock_569289094-hsc-405x270.jpg 405w, https:\/\/www.holidaytrex.com\/magazine.p25000.de\/files\/2026\/03\/RS28097_shutterstock_569289094-hsc-336x224.jpg 336w, https:\/\/www.holidaytrex.com\/magazine.p25000.de\/files\/2026\/03\/RS28097_shutterstock_569289094-hsc-276x184.jpg 276w, https:\/\/www.holidaytrex.com\/magazine.p25000.de\/files\/2026\/03\/RS28097_shutterstock_569289094-hsc-234x156.jpg 234w, https:\/\/www.holidaytrex.com\/magazine.p25000.de\/files\/2026\/03\/RS28097_shutterstock_569289094-hsc-192x128.jpg 192w, https:\/\/www.holidaytrex.com\/magazine.p25000.de\/files\/2026\/03\/RS28097_shutterstock_569289094-hsc-120x80.jpg 120w, https:\/\/www.holidaytrex.com\/magazine.p25000.de\/files\/2026\/03\/RS28097_shutterstock_569289094-hsc.jpg 1920w\" sizes=\"(min-width: 1009px) 729px, (min-width: 819px) 594px, (min-width: 569px) 729px, (min-width: 449px) 468px, 348px\" \/><\/a><div class=\"tt-image-copyright\" data-image-id=\"1192\">\u00a9 MNStudio\/shutterstock.de<\/div>\n            <\/div>\n            <div class=\"tt-post-caption\">In S\u00fcdtirol k\u00f6nnen Aktivurlauber Hunderte Kilometer wunderbarer Wanderwege in einer traumhaften Hochgebirgslandschaft der Dolomiten entdecken.<\/div>\n         <\/div > \n<div class=\"tt-table-of-content\">\n                <span class=\"tt-icon-circle-up tt-table-of-content-button\"><\/span><\/p>\n<div class=\"tt-table-of-content-caption\">\n                    Inhaltsverzeichnis\n                <\/div>\n<div class=\"tt-table-of-content-body\">\n                    <a href=\"#die-sch\u00f6nsten-wandergebiete-s\u00fcdtirols-im-\u00dcberblick\"><span class=\"layer-0\">Die sch\u00f6nsten Wandergebiete S\u00fcdtirols im \u00dcberblick<\/span><\/a><a href=\"#dolomiten\"><span class=\"layer-0\">Dolomiten<\/span><\/a><a href=\"#vinschgau-und-meraner-land\"><span class=\"layer-0\">Vinschgau und Meraner Land<\/span><\/a><a href=\"#pustertal-und-sextner-dolomiten\"><span class=\"layer-0\">Pustertal und Sextner Dolomiten<\/span><\/a><a href=\"#eisacktal\"><span class=\"layer-0\">Eisacktal<\/span><\/a><a href=\"#ortler-alpen\"><span class=\"layer-0\">Ortler Alpen<\/span><\/a><a href=\"#villn\u00f6ss-und-geislergruppe\"><span class=\"layer-0\">Villn\u00f6ss und Geislergruppe<\/span><\/a><a href=\"#geheimtipps-zum-wandern-in-s\u00fcdtirol\"><span class=\"layer-0\">Geheimtipps zum Wandern in S\u00fcdtirol<\/span><\/a><a href=\"#faq-zum-wandern-in-s\u00fcdtirol\"><span class=\"layer-0\">FAQ zum Wandern in S\u00fcdtirol<\/span><\/a>\n                 <\/div>\n<\/p><\/div>\n<hr>\n<h2 id=\"die-sch\u00f6nsten-wandergebiete-s\u00fcdtirols-im-\u00dcberblick\">Die sch\u00f6nsten Wandergebiete S\u00fcdtirols im \u00dcberblick<\/h2>\n\n<table id=\"tablepress-22\" class=\"tablepress tablepress-id-22\">\n<thead>\n<tr class=\"row-1\">\n\t<th class=\"column-1\"><strong>Gebiet<\/strong><\/th><th class=\"column-2\"><strong>Wanderwege<\/strong><\/th><th class=\"column-3\"><strong>H\u00f6he<\/strong><\/th><th class=\"column-4\"><strong>Highlights<\/strong><\/th>\n<\/tr>\n<\/thead>\n<tbody class=\"row-striping row-hover\">\n<tr class=\"row-2\">\n\t<td class=\"column-1\">Dolomiten<\/td><td class=\"column-2\">500 km<\/td><td class=\"column-3\">620 bis 3.343 m<\/td><td class=\"column-4\">Seiser Alm und Pragser Wildsee<\/td>\n<\/tr>\n<tr class=\"row-3\">\n\t<td class=\"column-1\">Vinschgau und Meraner Land<\/td><td class=\"column-2\">500 km<\/td><td class=\"column-3\">300 bis 3.300 m<\/td><td class=\"column-4\">Waalwege, Schloss Juval, Meraner H\u00f6henweg und Texelgruppe<\/td>\n<\/tr>\n<tr class=\"row-4\">\n\t<td class=\"column-1\">Pustertal und Sextener Dolomiten<\/td><td class=\"column-2\">450 km<\/td><td class=\"column-3\">1.100 m bis 2.999 m<\/td><td class=\"column-4\">Fischleintal und Sextner Sonnenuhr<\/td>\n<\/tr>\n<tr class=\"row-5\">\n\t<td class=\"column-1\">Eisacktal<\/td><td class=\"column-2\">150 km<\/td><td class=\"column-3\">450 m bis 2.500 m<\/td><td class=\"column-4\">Keschtnweg, Schneeberg und Plose<\/td>\n<\/tr>\n<tr class=\"row-6\">\n\t<td class=\"column-1\">Ortler Alpen<\/td><td class=\"column-2\">120 km<\/td><td class=\"column-3\">1.100 bis 3.905 m<\/td><td class=\"column-4\">Nationalpark Stilfserjoch und Sulden<\/td>\n<\/tr>\n<tr class=\"row-7\">\n\t<td class=\"column-1\">Villn\u00f6ss und Geislergruppe<\/td><td class=\"column-2\">60 km<\/td><td class=\"column-3\">1.100 bis 3.025 m<\/td><td class=\"column-4\">Geislerspitzen und St. Magdalena Kirche<\/td>\n<\/tr>\n<\/tbody>\n<\/table>\n<!-- #tablepress-22 from cache -->\n<h2 id=\"dolomiten\">Dolomiten<\/h2>\n<ul>\n<li><strong>Wanderwege:<\/strong> 500 km<\/li>\n<li><strong>H\u00f6he:<\/strong> 620 bis 3.343 m<\/li>\n<li><strong>Highlights:<\/strong> Seiser Alm und Pragser Wildsee<\/li>\n<\/ul>\n<p>Die Dolomiten, die seit 2009 zum UNESCO-Weltnaturerbe z\u00e4hlen, erstrecken sich \u00fcber die drei norditalienischen Regionen S\u00fcdtirol, Trentino und Belluno. Mit ihren schroffen Gipfeln sind sie ein Traum f\u00fcr alle Aktivurlauber, im Winter- wie im <a href=\"https:\/\/www.holidaytrex.com\/holiday-topics\/mountain.p621.de.html\" target=\"_blank\" rel=\"noopener\">Sommerurlaub in den Bergen<\/a>. Mit \u00fcber 500 km markierten Wanderwegen in H\u00f6hen zwischen 620 m im Tal und 3.343 m auf der Marmolada, dem h\u00f6chsten Gipfel der Region, wartet in den Dolomiten ein ausgezeichnetes Wanderwegenetz f\u00fcr Touren aller Schwierigkeitsstufen.<\/p>\n<div class=\"tt-post-image-wrapper tt-post-image-wrapper-full\">\n            <div class=\"tt-image-copyright-container\">\n                <a href=\"https:\/\/www.holidaytrex.com\/magazine.p25000.de\/files\/2026\/03\/RS28546_shutterstock_2709575509-scr.jpg\" target=\"_blank\" rel=\"noopener\"><img loading=\"lazy\" decoding=\"async\" data-wrapped=\"true\" class=\"wp-image-1194 size-Artikelbild_gro\u00df\" title=\"Im Winter ist die Seiser Alm ein Top-Ziel f\u00fcr Skifahrer, im Sommer sind auf der 57 Quadratkilometer gro\u00dfen Hochalm in S\u00fcdtirol Wanderer und andere Aktivurlauber unterwegs.\" src=\"https:\/\/www.holidaytrex.com\/magazine.p25000.de\/files\/2026\/03\/RS28546_shutterstock_2709575509-scr-729x486.jpg\" alt=\"Im Winter ist die Seiser Alm ein Top-Ziel f\u00fcr Skifahrer, im Sommer sind auf der 57 Quadratkilometer gro\u00dfen Hochalm in S\u00fcdtirol Wanderer und andere Aktivurlauber unterwegs.\" width=\"729\" height=\"486\" srcset=\"https:\/\/www.holidaytrex.com\/magazine.p25000.de\/files\/2026\/03\/RS28546_shutterstock_2709575509-scr-729x486.jpg 729w, https:\/\/www.holidaytrex.com\/magazine.p25000.de\/files\/2026\/03\/RS28546_shutterstock_2709575509-scr-290x193.jpg 290w, https:\/\/www.holidaytrex.com\/magazine.p25000.de\/files\/2026\/03\/RS28546_shutterstock_2709575509-scr-728x485.jpg 728w, https:\/\/www.holidaytrex.com\/magazine.p25000.de\/files\/2026\/03\/RS28546_shutterstock_2709575509-scr-768x512.jpg 768w, https:\/\/www.holidaytrex.com\/magazine.p25000.de\/files\/2026\/03\/RS28546_shutterstock_2709575509-scr-468x312.jpg 468w, https:\/\/www.holidaytrex.com\/magazine.p25000.de\/files\/2026\/03\/RS28546_shutterstock_2709575509-scr-300x200.jpg 300w, https:\/\/www.holidaytrex.com\/magazine.p25000.de\/files\/2026\/03\/RS28546_shutterstock_2709575509-scr-999x666.jpg 999w, https:\/\/www.holidaytrex.com\/magazine.p25000.de\/files\/2026\/03\/RS28546_shutterstock_2709575509-scr-645x430.jpg 645w, https:\/\/www.holidaytrex.com\/magazine.p25000.de\/files\/2026\/03\/RS28546_shutterstock_2709575509-scr-552x368.jpg 552w, https:\/\/www.holidaytrex.com\/magazine.p25000.de\/files\/2026\/03\/RS28546_shutterstock_2709575509-scr-405x270.jpg 405w, https:\/\/www.holidaytrex.com\/magazine.p25000.de\/files\/2026\/03\/RS28546_shutterstock_2709575509-scr-336x224.jpg 336w, https:\/\/www.holidaytrex.com\/magazine.p25000.de\/files\/2026\/03\/RS28546_shutterstock_2709575509-scr-276x184.jpg 276w, https:\/\/www.holidaytrex.com\/magazine.p25000.de\/files\/2026\/03\/RS28546_shutterstock_2709575509-scr-234x156.jpg 234w, https:\/\/www.holidaytrex.com\/magazine.p25000.de\/files\/2026\/03\/RS28546_shutterstock_2709575509-scr-192x128.jpg 192w, https:\/\/www.holidaytrex.com\/magazine.p25000.de\/files\/2026\/03\/RS28546_shutterstock_2709575509-scr-120x80.jpg 120w, https:\/\/www.holidaytrex.com\/magazine.p25000.de\/files\/2026\/03\/RS28546_shutterstock_2709575509-scr.jpg 1440w\" sizes=\"(min-width: 1009px) 729px, (min-width: 819px) 594px, (min-width: 569px) 729px, (min-width: 449px) 468px, 348px\" \/><\/a><div class=\"tt-image-copyright\" data-image-id=\"1194\">\u00a9 Leonid Sorokin\/shutterstock.de<\/div>\n            <\/div>\n            <div class=\"tt-post-caption\">Im Winter ist die Seiser Alm ein Top-Ziel f\u00fcr Skifahrer, im Sommer sind auf der 57 Quadratkilometer gro\u00dfen Hochalm in S\u00fcdtirol Wanderer und andere Aktivurlauber unterwegs.<\/div>\n         <\/div > \n<p>Eines der Highlights ist dabei mit Sicherheit die Seiser Alm. Schlie\u00dflich erstreckt sie sich hier zwischen 1.700 m und 2.300 m auf rund 57 Quadratkilometern, was sie bestens f\u00fcr Genuss- und Familienwanderungen eignet. Auf leichten bis mittelschweren Wanderwegen wie der 7 km langen Panoramarunde um den Puflatsch warten unverbaute Ausblicke auf Gipfel wie den Schlern (2.563 m), den Langkofel (3.181 m) und den Plattkofel (2.969 m). F\u00fcr <a href=\"https:\/\/www.holidaytrex.com\/magazine.p25000.de\/hiking-trekking\/hiking-with-children\/\" target=\"_blank\" rel=\"noopener\">Familien mit Kindern<\/a> sind zudem Themenwege wie die &#8222;Hexenquellen&#8220; in Saltria oder die einfachen Wege rund um den Rosengarten und den Latemar interessant, bei denen Sagen wie die um K\u00f6nig Laurin auf spielerische und kindgerechte Weise vermittelt werden. Profis hingegen kommen auf dem 9 km langen Hirzelweg an der Rotwand voll auf ihre Kosten, denn entlang steiler Felsw\u00e4nde ist hier absolute Trittsicherheit gefragt.<\/p>\n<p>In den Dolomiten sorgen mehr als 150 bewirtschaftete Almh\u00fctten f\u00fcr das leibliche Wohl der Wanderer. Sie bieten auch Schutz bei schlechtem Wetter und servieren nat\u00fcrlich regionale Spezialit\u00e4ten wie Schlutzkrapfen oder Marende. Erfahrene Wanderer k\u00f6nnen von hier aus auch <a href=\"https:\/\/www.holidaytrex.com\/magazine.p25000.de\/hiking-trekking\/high-altitude-hiking-trails\/\" target=\"_blank\" rel=\"noopener\">H\u00f6henwanderwege<\/a> wie den 125 km langen H\u00f6henweg Nr. 1 erkunden, der vom Pragser Wildsee nach Belluno f\u00fchrt. Auf dieser Strecke werden elf Gebirgsgruppen durchquert. Der h\u00f6chste Punkt wird auf der Lagazuoi-H\u00fctte in 2.752 m H\u00f6he erreicht. Insgesamt punkten die Dolomiten als Wanderregion mit \u00fcber 300 Sonnentagen im Jahr, Zirben- und L\u00e4rchenw\u00e4ldern sowie k\u00fchlem Passwind. Und genau dieser erinnert auch immer wieder an die schnell m\u00f6glichen Wetterwechsel, die eine gut durchdachte Ausr\u00fcstung und Tourenplanung erforderlich machen.<\/p>\n<h2 id=\"vinschgau-und-meraner-land\">Vinschgau und Meraner Land<\/h2>\n<ul>\n<li><strong>Wanderwege:<\/strong> 500 km<\/li>\n<li><strong>H\u00f6he:<\/strong> 300 bis 3.300 m<\/li>\n<li><strong>Highlights:<\/strong> Waalwege, Schloss Juval, Meraner H\u00f6henweg und Texelgruppe<\/li>\n<\/ul>\n<p>Dank des besonders milden Klimas k\u00f6nnen Aktivurlauber im Vinschgau und im <a href=\"https:\/\/www.holidaytrex.com\/region\/holidays\/it\/meraner-land\/4028815c92c6ac6a0192dd623fed3632.p125000.de.html\" target=\"_blank\" rel=\"noopener\">Meraner Land<\/a> in S\u00fcdtirol das ganze Jahr \u00fcber wandern. Die Touren starten in T\u00e4lern, die gerade einmal auf 300 m H\u00f6he liegen, und f\u00fchren hoch bis zu den Gipfeln der Texelgruppe auf fast 3.300 m H\u00f6he. Genau diese unterschiedlichen Landschaften machen den Charme der Region aus: von Obstg\u00e4rten mit Apfel- und Marillenplantagen bis zu schneebedeckten Bergen.<\/p>\n<div class=\"tt-post-image-wrapper tt-post-image-wrapper-full\">\n            <div class=\"tt-image-copyright-container\">\n                <a href=\"https:\/\/www.holidaytrex.com\/magazine.p25000.de\/files\/2026\/03\/RS28521_shutterstock_1931505233-scr.jpg\" target=\"_blank\" rel=\"noopener\"><img loading=\"lazy\" decoding=\"async\" data-wrapped=\"true\" class=\"wp-image-1195 size-Artikelbild_gro\u00df\" title=\"Rund um den Reschensee im Vinschgau f\u00fchren Wanderwege, von denen aus die Besucher unter anderem einen tollen Blick auf den versunkenen Glockenturm von Graun haben.\" src=\"https:\/\/www.holidaytrex.com\/magazine.p25000.de\/files\/2026\/03\/RS28521_shutterstock_1931505233-scr-729x486.jpg\" alt=\"Rund um den Reschensee im Vinschgau f\u00fchren Wanderwege, von denen aus die Besucher unter anderem einen tollen Blick auf den versunkenen Glockenturm von Graun haben.\" width=\"729\" height=\"486\" srcset=\"https:\/\/www.holidaytrex.com\/magazine.p25000.de\/files\/2026\/03\/RS28521_shutterstock_1931505233-scr-729x486.jpg 729w, https:\/\/www.holidaytrex.com\/magazine.p25000.de\/files\/2026\/03\/RS28521_shutterstock_1931505233-scr-468x312.jpg 468w, https:\/\/www.holidaytrex.com\/magazine.p25000.de\/files\/2026\/03\/RS28521_shutterstock_1931505233-scr-300x200.jpg 300w, https:\/\/www.holidaytrex.com\/magazine.p25000.de\/files\/2026\/03\/RS28521_shutterstock_1931505233-scr-999x666.jpg 999w, https:\/\/www.holidaytrex.com\/magazine.p25000.de\/files\/2026\/03\/RS28521_shutterstock_1931505233-scr-645x430.jpg 645w, https:\/\/www.holidaytrex.com\/magazine.p25000.de\/files\/2026\/03\/RS28521_shutterstock_1931505233-scr-552x368.jpg 552w, https:\/\/www.holidaytrex.com\/magazine.p25000.de\/files\/2026\/03\/RS28521_shutterstock_1931505233-scr-405x270.jpg 405w, https:\/\/www.holidaytrex.com\/magazine.p25000.de\/files\/2026\/03\/RS28521_shutterstock_1931505233-scr-336x224.jpg 336w, https:\/\/www.holidaytrex.com\/magazine.p25000.de\/files\/2026\/03\/RS28521_shutterstock_1931505233-scr-276x184.jpg 276w, https:\/\/www.holidaytrex.com\/magazine.p25000.de\/files\/2026\/03\/RS28521_shutterstock_1931505233-scr-234x156.jpg 234w, https:\/\/www.holidaytrex.com\/magazine.p25000.de\/files\/2026\/03\/RS28521_shutterstock_1931505233-scr-192x128.jpg 192w, https:\/\/www.holidaytrex.com\/magazine.p25000.de\/files\/2026\/03\/RS28521_shutterstock_1931505233-scr-120x80.jpg 120w\" sizes=\"(min-width: 1009px) 729px, (min-width: 819px) 594px, (min-width: 569px) 729px, (min-width: 449px) 468px, 348px\" \/><\/a><div class=\"tt-image-copyright\" data-image-id=\"1195\">\u00a9 Leonid Andronov\/shutterstock.de<\/div>\n            <\/div>\n            <div class=\"tt-post-caption\">Rund um den Reschensee im Vinschgau f\u00fchren Wanderwege, von denen aus die Besucher unter anderem einen tollen Blick auf den versunkenen Glockenturm von Graun haben.<\/div>\n         <\/div > \n<p>Charakteristisch f\u00fcr den Vinschgau sind die historischen Waalwege entlang der historischen Bew\u00e4sserungssysteme. Schlie\u00dflich sind dort einfache Touren auf flachen Pfaden m\u00f6glich. Deutlich anspruchsvoller ist dagegen der 100 km lange Meraner H\u00f6henweg, auf dem die Texelgruppe in mehreren Etappen umrundet werden kann. Auf diesem Weg verbinden sich mediterrane Vegetation und hochalpine Landschaft, bevor die Spronser Seen, die gr\u00f6\u00dfte hochalpine Seenplatte Europas, auf 2.500 m H\u00f6he erreicht werden. Der H\u00f6henweg ist auch deshalb beliebt, weil er durch Kastanien- und Zirbenw\u00e4lder sowie \u00fcber alpine Wiesen und vorbei an historischen Bergbauernh\u00f6fen f\u00fchrt. F\u00fcr Familien mit Kindern wird es nat\u00fcrlich leichter, wenn sie in den beiden Regionen Wanderwege wie den 2,2 km langen Waldtierpfad &#8222;Gumperle&#8220; in Agums entdecken, wo auf spielerische Weise Wissen \u00fcber heimische Tierarten vermittelt wird.<\/p>\n<p>Zu den kulturellen H\u00f6hepunkten z\u00e4hlen unter anderem Schloss Juval, der Wohnsitz der Bergsteigerlegende Reinhold Messner, und die G\u00e4rten von Schloss Trauttmansdorff. Und nat\u00fcrlich hat auch die Kurstadt Meran mit ihren Thermen und Wanderm\u00f6glichkeiten einiges zu bieten. Hier geht es an H\u00fctten vorbei, deren Duft, sei es der der Apfelbl\u00fcte oder der von Vinschger Marillen-Kuchen, zu einer Einkehr lockt. Das Vinschgau und das Meraner Land punkten somit mit mediterranem Flair, alpiner Kulisse, rund 300 Sonnentagen im Jahr und einem vielf\u00e4ltigen Wegenetz f\u00fcr Genuss- und Aktivwanderungen.<\/p>\n<p><em data-renderer-mark=\"true\">\u2192 Jetzt die besten <a href=\"https:\/\/www.holidaytrex.com\/search-book.p6.de.html?destinationId=18067&amp;destinationUuId=4028815c92c6ac6a0192dd623fed3632\" target=\"_blank\" rel=\"noopener\">Meraner Land-Angebote<\/a> bei HolidayTrex finden<\/em><\/p>\n<h2 id=\"pustertal-und-sextner-dolomiten\">Pustertal und Sextner Dolomiten<\/h2>\n<ul>\n<li><strong>Wanderwege:<\/strong> 450 km<\/li>\n<li><strong>H\u00f6he:<\/strong> 1.100 m bis 2.999 m<\/li>\n<li><strong>Highlights:<\/strong> Fischleintal und Sextner Sonnenuhr<\/li>\n<\/ul>\n<p>Die <a href=\"https:\/\/www.holidaytrex.com\/region\/holidays\/it\/dolomitenregion-3-zinnen\/4028815c940b647f01948db440fa4f99.p125000.de.html\" target=\"_blank\" rel=\"noopener\">Drei Zinnen<\/a> (2.999 m) sind eines der bekanntesten Wahrzeichen der Dolomiten und k\u00f6nnen von Wanderern erkundet werden. Am besten geht das vom Pustertal oder den Sextner Dolomiten aus, wo auch Seilbahnen fahren, von denen in den HolidayTrex-Angeboten auch einige <a href=\"https:\/\/www.holidaytrex.com\/holiday-topics\/mountain-lift-included.p731.de.html\" target=\"_blank\" rel=\"noopener\">Bergbahnen inklusive<\/a> sind. Die H\u00f6henlagen im \u00f6stlichen S\u00fcdtirol reichen dabei von etwa 1.100 m im Tal bis knapp unter 3.000 m auf den Gipfeln. Insgesamt warten hier 450 km markierte Wanderwege aller Schwierigkeitsgrade, von leichten Spazierg\u00e4ngen bis zu hochalpinen Routen. Die klassische Umrundung der Drei Zinnen startet an der auf 2.320 m gelegenen Auronzoh\u00fctte. Von dort aus f\u00fchrt die 9,7 km lange Rundtour \u00fcber den Paternsattel zur Drei-Zinnen-H\u00fctte (2.405 m) und weiter zur Langen Alm. Die Gehzeit betr\u00e4gt je nach Fitnesslevel drei bis vier Stunden, der Schwierigkeitsgrad wird als mittelschwer eingestuft.<\/p>\n<div class=\"tt-post-image-wrapper tt-post-image-wrapper-full\">\n            <div class=\"tt-image-copyright-container\">\n                <a href=\"https:\/\/www.holidaytrex.com\/magazine.p25000.de\/files\/2026\/03\/RS28532_shutterstock_2523786737-scr.jpg\" target=\"_blank\" rel=\"noopener\"><img loading=\"lazy\" decoding=\"async\" data-wrapped=\"true\" class=\"wp-image-1196 size-Artikelbild_gro\u00df\" title=\"Die Drei Zinnen, auch &quot;Tre Cime di Lavaredo&quot; genannt, sind eine der bekanntesten Berggruppen in den Sextener Dolomiten, die Wanderer hier teilweise aus n\u00e4chster N\u00e4he erleben k\u00f6nnen.\" src=\"https:\/\/www.holidaytrex.com\/magazine.p25000.de\/files\/2026\/03\/RS28532_shutterstock_2523786737-scr-729x486.jpg\" alt=\"Die Drei Zinnen, auch &quot;Tre Cime di Lavaredo&quot; genannt, sind eine der bekanntesten Berggruppen in den Sextener Dolomiten, die Wanderer hier teilweise aus n\u00e4chster N\u00e4he erleben k\u00f6nnen.\" width=\"729\" height=\"486\" srcset=\"https:\/\/www.holidaytrex.com\/magazine.p25000.de\/files\/2026\/03\/RS28532_shutterstock_2523786737-scr-729x487.jpg 729w, https:\/\/www.holidaytrex.com\/magazine.p25000.de\/files\/2026\/03\/RS28532_shutterstock_2523786737-scr-290x194.jpg 290w, https:\/\/www.holidaytrex.com\/magazine.p25000.de\/files\/2026\/03\/RS28532_shutterstock_2523786737-scr-728x486.jpg 728w, https:\/\/www.holidaytrex.com\/magazine.p25000.de\/files\/2026\/03\/RS28532_shutterstock_2523786737-scr-768x513.jpg 768w, https:\/\/www.holidaytrex.com\/magazine.p25000.de\/files\/2026\/03\/RS28532_shutterstock_2523786737-scr-468x312.jpg 468w, https:\/\/www.holidaytrex.com\/magazine.p25000.de\/files\/2026\/03\/RS28532_shutterstock_2523786737-scr-300x200.jpg 300w, https:\/\/www.holidaytrex.com\/magazine.p25000.de\/files\/2026\/03\/RS28532_shutterstock_2523786737-scr-999x666.jpg 999w, https:\/\/www.holidaytrex.com\/magazine.p25000.de\/files\/2026\/03\/RS28532_shutterstock_2523786737-scr-645x430.jpg 645w, https:\/\/www.holidaytrex.com\/magazine.p25000.de\/files\/2026\/03\/RS28532_shutterstock_2523786737-scr-552x368.jpg 552w, https:\/\/www.holidaytrex.com\/magazine.p25000.de\/files\/2026\/03\/RS28532_shutterstock_2523786737-scr-405x270.jpg 405w, https:\/\/www.holidaytrex.com\/magazine.p25000.de\/files\/2026\/03\/RS28532_shutterstock_2523786737-scr-336x224.jpg 336w, https:\/\/www.holidaytrex.com\/magazine.p25000.de\/files\/2026\/03\/RS28532_shutterstock_2523786737-scr-276x184.jpg 276w, https:\/\/www.holidaytrex.com\/magazine.p25000.de\/files\/2026\/03\/RS28532_shutterstock_2523786737-scr-234x156.jpg 234w, https:\/\/www.holidaytrex.com\/magazine.p25000.de\/files\/2026\/03\/RS28532_shutterstock_2523786737-scr-192x128.jpg 192w, https:\/\/www.holidaytrex.com\/magazine.p25000.de\/files\/2026\/03\/RS28532_shutterstock_2523786737-scr-120x80.jpg 120w, https:\/\/www.holidaytrex.com\/magazine.p25000.de\/files\/2026\/03\/RS28532_shutterstock_2523786737-scr.jpg 1440w\" sizes=\"(min-width: 1009px) 729px, (min-width: 819px) 594px, (min-width: 569px) 729px, (min-width: 449px) 468px, 348px\" \/><\/a><div class=\"tt-image-copyright\" data-image-id=\"1196\">\u00a9 DragonWen\/shutterstock.de<\/div>\n            <\/div>\n            <div class=\"tt-post-caption\">Die Drei Zinnen, auch &#8222;Tre Cime di Lavaredo&#8220; genannt, sind eine der bekanntesten Berggruppen in den Sextener Dolomiten, die Wanderer hier teilweise aus n\u00e4chster N\u00e4he erleben k\u00f6nnen.<\/div>\n         <\/div > \n<p>Der Naturpark um die Drei Zinnen ist auch vom Fischleintal aus erreichbar. Von Moos aus f\u00fchren leichte Familienwanderungen \u00fcber L\u00e4rchenwiesen zur Talschlussh\u00fctte, die von der Sextner Sonnenuhr umrahmt wird. Ein weiteres Wander-Highlight ist der 19 km lange Almh\u00fcttenweg. Denn dieser verbindet die Nemes Alm, die Coltrondo Alm und weitere H\u00fctten miteinander. In diesen H\u00fctten werden nat\u00fcrlich auch regionale Spezialit\u00e4ten wie Schlutzkrapfen serviert. F\u00fcr Kinder ist es spannend, hier Ziegen und Pferde streicheln zu k\u00f6nnen. Die Region wird aber nicht nur durch beeindruckende Gipfel, sondern auch durch die Spuren des Ersten Weltkriegs gepr\u00e4gt. So k\u00f6nnen Aktivurlauber mit Guides Stollen, Stellungsreste und den Alpinisteig erkunden. Diese geben Einblicke in die Vergangenheit der historischen Dolomitenfront.<\/p>\n<p><em data-renderer-mark=\"true\">\u2192 Alpen-Auszeit planen und die besten <a href=\"https:\/\/www.holidaytrex.com\/search-book.p6.de.html?destinationId=18294&amp;destinationUuId=4028815c940b647f01948db440fa4f99\" target=\"_blank\" rel=\"noopener\">Dolomitenregion 3 Zinnen-Angebote<\/a> bei HolidayTrex finden<\/em><\/p>\n<h2 id=\"eisacktal\">Eisacktal<\/h2>\n<ul>\n<li><strong>Wanderwege:<\/strong> 150 km<\/li>\n<li><strong>H\u00f6he:<\/strong> 450 m bis 2.500 m<\/li>\n<li><strong>Highlights:<\/strong> Keschtnweg, Schneeberg und Plose<\/li>\n<\/ul>\n<p>Das <a href=\"https:\/\/www.holidaytrex.com\/region\/holidays\/it\/eisacktal\/4028815c9bee01ae019c0472a70d2cd9.p125000.de.html\" target=\"_blank\" rel=\"noopener\">Eisacktal<\/a> in S\u00fcdtirol erstreckt sich vom Brenner bis nach Bozen und reicht von 450 m H\u00f6he bis zu den \u00fcber 2.500 m hohen Gipfeln der Zillertaler Alpen. Landschaftlich wird das Tal durch Kastanienhaine, Weinberge und historische St\u00e4dte wie Sterzing, Brixen und Klausen gepr\u00e4gt. Entsprechend bieten sich hier haupts\u00e4chlich Genuss- und Kulturwanderungen an. Ein zentraler Wanderweg aus dem 150 km langen Wegenetz ist der 60 km lange Keschtnweg, der von Neustift bei Brixen bis zum Rittner Hochplateau f\u00fchrt. Dort locken besonders im Herbst reife Kastanien und Buschensch\u00e4nken mit dem traditionellen T\u00f6rggelen. Wanderer d\u00fcrfen sich hier auf den Duft ger\u00f6steter Kastanien, den Geschmack von jungem Wein und die kulturelle Atmosph\u00e4re der D\u00f6rfer entlang der Route freuen.<\/p>\n<div class=\"tt-post-image-wrapper tt-post-image-wrapper-full\">\n            <div class=\"tt-image-copyright-container\">\n                <a href=\"https:\/\/www.holidaytrex.com\/magazine.p25000.de\/files\/2026\/03\/RS28549_shutterstock_695776318-scr.jpg\" target=\"_blank\" rel=\"noopener\"><img loading=\"lazy\" decoding=\"async\" data-wrapped=\"true\" class=\"wp-image-1197 size-Artikelbild_gro\u00df\" title=\"Wer sich im Sommer zu einer Wanderung im Ridnauntal aufmacht, kann dort auch die bewegte Bergbaugeschichte der Region erleben.\" src=\"https:\/\/www.holidaytrex.com\/magazine.p25000.de\/files\/2026\/03\/RS28549_shutterstock_695776318-scr-729x486.jpg\" alt=\"Wer sich im Sommer zu einer Wanderung im Ridnauntal aufmacht, kann dort auch die bewegte Bergbaugeschichte der Region erleben.\" width=\"729\" height=\"486\" srcset=\"https:\/\/www.holidaytrex.com\/magazine.p25000.de\/files\/2026\/03\/RS28549_shutterstock_695776318-scr-729x486.jpg 729w, https:\/\/www.holidaytrex.com\/magazine.p25000.de\/files\/2026\/03\/RS28549_shutterstock_695776318-scr-468x312.jpg 468w, https:\/\/www.holidaytrex.com\/magazine.p25000.de\/files\/2026\/03\/RS28549_shutterstock_695776318-scr-300x200.jpg 300w, https:\/\/www.holidaytrex.com\/magazine.p25000.de\/files\/2026\/03\/RS28549_shutterstock_695776318-scr-999x666.jpg 999w, https:\/\/www.holidaytrex.com\/magazine.p25000.de\/files\/2026\/03\/RS28549_shutterstock_695776318-scr-645x430.jpg 645w, https:\/\/www.holidaytrex.com\/magazine.p25000.de\/files\/2026\/03\/RS28549_shutterstock_695776318-scr-552x368.jpg 552w, https:\/\/www.holidaytrex.com\/magazine.p25000.de\/files\/2026\/03\/RS28549_shutterstock_695776318-scr-405x270.jpg 405w, https:\/\/www.holidaytrex.com\/magazine.p25000.de\/files\/2026\/03\/RS28549_shutterstock_695776318-scr-336x224.jpg 336w, https:\/\/www.holidaytrex.com\/magazine.p25000.de\/files\/2026\/03\/RS28549_shutterstock_695776318-scr-276x184.jpg 276w, https:\/\/www.holidaytrex.com\/magazine.p25000.de\/files\/2026\/03\/RS28549_shutterstock_695776318-scr-234x156.jpg 234w, https:\/\/www.holidaytrex.com\/magazine.p25000.de\/files\/2026\/03\/RS28549_shutterstock_695776318-scr-192x128.jpg 192w, https:\/\/www.holidaytrex.com\/magazine.p25000.de\/files\/2026\/03\/RS28549_shutterstock_695776318-scr-120x80.jpg 120w\" sizes=\"(min-width: 1009px) 729px, (min-width: 819px) 594px, (min-width: 569px) 729px, (min-width: 449px) 468px, 348px\" \/><\/a><div class=\"tt-image-copyright\" data-image-id=\"1197\">\u00a9 andreas ehrensberger\/shutterstock.de<\/div>\n            <\/div>\n            <div class=\"tt-post-caption\">Wer sich im Sommer zu einer Wanderung im Ridnauntal aufmacht, kann dort auch die bewegte Bergbaugeschichte der Region erleben.<\/div>\n         <\/div > \n<p>Einblicke in die Bergbaugeschichte S\u00fcdtirols werden Wanderern im Ridnauntal vermittelt. Am Schneeberg liegt eines der einst h\u00f6chstgelegenen Bergwerke Europas. Auf der 6,5 km langen, ganzt\u00e4gigen &#8222;Abenteuer Schneeberg&#8220;-Tour geht es dabei hoch auf die Schneebergscharte auf etwa 2.700 m H\u00f6he. Dort geht es durch historische Stollen, sodass sich sportliche Herausforderungen mit dem Kennenlernen der Arbeitswelt vergangener Jahrhunderte verbinden lassen. Familien, die es dagegen etwas ruhiger angehen lassen wollen, finden mit der Plose bei Brixen ein lohnenswertes Ziel. Dort erwartet sie der 2,5 km lange Woody Walk mit interaktiven Spielstationen aus Holz und Panoramablicken auf die Geislerspitzen. Entlang der Routen laden Almh\u00fctten zu S\u00fcdtiroler Spezialit\u00e4ten wie Schlutzkrapfen oder Speckplatten ein.<\/p>\n<p><em>\u2192 Jetzt unvergessliche Sommermomente im <a href=\"https:\/\/www.holidaytrex.com\/search-book.p6.de.html?destinationId=641824&amp;destinationUuId=4028815c9bee01ae019c0472a70d2cd9\" target=\"_blank\" rel=\"noopener\">Eisacktal<\/a>\u00a0mit SnowTrex sichern<\/em><\/p>\n<h2 id=\"ortler-alpen\">Ortler Alpen<\/h2>\n<ul>\n<li><strong>Wanderwege:<\/strong> 120 km<\/li>\n<li><strong>H\u00f6he:<\/strong> 1.100 bis 3.905 m<\/li>\n<li><strong>Highlights:<\/strong> Nationalpark Stilfserjoch und Sulden<\/li>\n<\/ul>\n<p>Wie der Name schon sagt, wartet in den Ortler Alpen im Westen S\u00fcdtirols mit dem 3.905 m hohen Ortler der h\u00f6chste Berg der Region. Das Wandergebiet mit seinen 120 km Wegen erstreckt sich hier in H\u00f6hen von bis zu 3.000 m und liegt gr\u00f6\u00dftenteils im Nationalpark Stilfserjoch. In einem der gr\u00f6\u00dften Schutzgebiete der Alpen ist die Landschaft von dichten Bergw\u00e4ldern und alpinen Wiesen bis zu kargen Hochgebirgszonen mit Gletschern und Felsformationen gepr\u00e4gt. Das absolute Highlight f\u00fcr Wanderer ist dabei ohne Frage der Ortler H\u00f6henweg. Er ist eine anspruchsvolle, 119 km lange <a href=\"https:\/\/www.holidaytrex.com\/magazine.p25000.de\/hiking-trekking\/hut-to-hut-hiking\/\" target=\"_blank\" rel=\"noopener\">H\u00fcttenwanderung<\/a>, die in sieben Etappen rund um das Ortlermassiv f\u00fchrt. Da auf der Strecke \u00fcber 8.000 H\u00f6henmeter bei Auf- und Abstiegen zu bezwingen sind und vor dem h\u00f6chsten Punkt auf 3.258 m zudem Gletscherquerungen anstehen, erfordert die Tour Kondition, Trittsicherheit und Erfahrung.<\/p>\n<div class=\"tt-post-image-wrapper tt-post-image-wrapper-full\">\n            <div class=\"tt-image-copyright-container\">\n                <a href=\"https:\/\/www.holidaytrex.com\/magazine.p25000.de\/files\/2026\/03\/RS28543_shutterstock_2650472949-scr.jpg\" target=\"_blank\" rel=\"noopener\"><img loading=\"lazy\" decoding=\"async\" data-wrapped=\"true\" class=\"wp-image-1198 size-Artikelbild_gro\u00df\" title=\"In den Ortler Alpen starten die Wanderwege tief im Tal in dichten, gr\u00fcnen W\u00e4ldern und winden sich bis hinauf in die kargen Gipfelregionen mit Gletschereis.\" src=\"https:\/\/www.holidaytrex.com\/magazine.p25000.de\/files\/2026\/03\/RS28543_shutterstock_2650472949-scr-729x486.jpg\" alt=\"In den Ortler Alpen starten die Wanderwege tief im Tal in dichten, gr\u00fcnen W\u00e4ldern und winden sich bis hinauf in die kargen Gipfelregionen mit Gletschereis.\" width=\"729\" height=\"486\" srcset=\"https:\/\/www.holidaytrex.com\/magazine.p25000.de\/files\/2026\/03\/RS28543_shutterstock_2650472949-scr-729x486.jpg 729w, https:\/\/www.holidaytrex.com\/magazine.p25000.de\/files\/2026\/03\/RS28543_shutterstock_2650472949-scr-290x193.jpg 290w, https:\/\/www.holidaytrex.com\/magazine.p25000.de\/files\/2026\/03\/RS28543_shutterstock_2650472949-scr-728x485.jpg 728w, https:\/\/www.holidaytrex.com\/magazine.p25000.de\/files\/2026\/03\/RS28543_shutterstock_2650472949-scr-768x512.jpg 768w, https:\/\/www.holidaytrex.com\/magazine.p25000.de\/files\/2026\/03\/RS28543_shutterstock_2650472949-scr-468x312.jpg 468w, https:\/\/www.holidaytrex.com\/magazine.p25000.de\/files\/2026\/03\/RS28543_shutterstock_2650472949-scr-300x200.jpg 300w, https:\/\/www.holidaytrex.com\/magazine.p25000.de\/files\/2026\/03\/RS28543_shutterstock_2650472949-scr-999x666.jpg 999w, https:\/\/www.holidaytrex.com\/magazine.p25000.de\/files\/2026\/03\/RS28543_shutterstock_2650472949-scr-645x430.jpg 645w, https:\/\/www.holidaytrex.com\/magazine.p25000.de\/files\/2026\/03\/RS28543_shutterstock_2650472949-scr-552x368.jpg 552w, https:\/\/www.holidaytrex.com\/magazine.p25000.de\/files\/2026\/03\/RS28543_shutterstock_2650472949-scr-405x270.jpg 405w, https:\/\/www.holidaytrex.com\/magazine.p25000.de\/files\/2026\/03\/RS28543_shutterstock_2650472949-scr-336x224.jpg 336w, https:\/\/www.holidaytrex.com\/magazine.p25000.de\/files\/2026\/03\/RS28543_shutterstock_2650472949-scr-276x184.jpg 276w, https:\/\/www.holidaytrex.com\/magazine.p25000.de\/files\/2026\/03\/RS28543_shutterstock_2650472949-scr-234x156.jpg 234w, https:\/\/www.holidaytrex.com\/magazine.p25000.de\/files\/2026\/03\/RS28543_shutterstock_2650472949-scr-192x128.jpg 192w, https:\/\/www.holidaytrex.com\/magazine.p25000.de\/files\/2026\/03\/RS28543_shutterstock_2650472949-scr-120x80.jpg 120w, https:\/\/www.holidaytrex.com\/magazine.p25000.de\/files\/2026\/03\/RS28543_shutterstock_2650472949-scr.jpg 1440w\" sizes=\"(min-width: 1009px) 729px, (min-width: 819px) 594px, (min-width: 569px) 729px, (min-width: 449px) 468px, 348px\" \/><\/a><div class=\"tt-image-copyright\" data-image-id=\"1198\">\u00a9 Pyty\/shutterstock.de<\/div>\n            <\/div>\n            <div class=\"tt-post-caption\">In den Ortler Alpen starten die Wanderwege tief im Tal in dichten, gr\u00fcnen W\u00e4ldern und winden sich bis hinauf in die kargen Gipfelregionen mit Gletschereis.<\/div>\n         <\/div > \n<p>Weniger extreme Touren sind dagegen im Martelltal m\u00f6glich. Dazu z\u00e4hlt der 10 km lange Gletscherlehrpfad, auf dem Aktivurlauber die Dynamik alpiner Eiswelten erleben k\u00f6nnen. Auch das Stilfser Joch, mit 2.757 m der h\u00f6chste <a href=\"https:\/\/www.holidaytrex.com\/magazine.p25000.de\/destinations\/alpine-passes\/\" target=\"_blank\" rel=\"noopener\">Alpenpass<\/a> Italiens, ist ein guter Ausgangspunkt f\u00fcr Touren wie den 8,4 km langen Wormisionssteig. Von dort aus warten spektakul\u00e4re Ausblicke auf den Ortler-Gletscher. Abseits der Landschaften spiegelt sich die Kultur der Region in Bergsteigerd\u00f6rfern wie Trafoi und Sulden wider. In Sulden befindet sich etwa das Messner Mountain Museum Ortles, das sich neben dem Bergsteigen auch den Gletschern widmet. Apropos Eis: Aufgrund vorhandener Schneefelder ist f\u00fcr Wanderer in den Ortler Alpen selbst im Hochsommer eine sorgf\u00e4ltige Planung n\u00f6tig. Oder sogar die Begleitung durch einen Bergf\u00fchrer bei hochalpinen Touren.<\/p>\n<h2 id=\"villn\u00f6ss-und-geislergruppe\">Villn\u00f6ss und Geislergruppe<\/h2>\n<ul>\n<li><strong>Wanderwege:<\/strong> 60 km<\/li>\n<li><strong>H\u00f6he:<\/strong> 1.100 bis 3.025 m<\/li>\n<li><strong>Highlights:<\/strong> Geislerspitzen und St. Magdalena Kirche<\/li>\n<\/ul>\n<p>Das Villn\u00f6\u00dftal in S\u00fcdtirol gilt als eines der urspr\u00fcnglichsten T\u00e4ler der Alpen und ist eng mit Reinhold Messner verbunden. Die 60 km langen Wege im Wandergebiet erstrecken sich durch den Naturpark Puez-Geisler und dessen unber\u00fchrte Natur bis hoch auf den 3.025 m hohen Hauptgipfel Sass Rigais. Am markantesten sind die Geislerspitzen mit ihren schroffen Felszinnen, die unter den Einheimischen auch als &#8222;Odles&#8220; bekannt sind. Im Schatten dieser Gipfel verl\u00e4uft der Adolf-Munkel-Weg, der direkt unter den Nordw\u00e4nden der Geislerspitzen entlangf\u00fchrt. Er kann als klassische Rundtour vom Parkplatz Zans (1.685 m) aus \u00fcber die Glatsch- und die Gschnagenhardt Alm bis zur Geisler Alm (1.996 m) begangen werden. Insgesamt ist die Strecke 15,8 km lang, es werden etwa 900 H\u00f6henmeter \u00fcberwunden und die Route ist mittelschwer.<\/p>\n<div class=\"tt-post-image-wrapper tt-post-image-wrapper-full\">\n            <div class=\"tt-image-copyright-container\">\n                <a href=\"https:\/\/www.holidaytrex.com\/magazine.p25000.de\/files\/2026\/03\/RS28525_shutterstock_2274189849-scr.jpg\" target=\"_blank\" rel=\"noopener\"><img loading=\"lazy\" decoding=\"async\" data-wrapped=\"true\" class=\"wp-image-1199 size-Artikelbild_gro\u00df\" title=\"Die Geisler Alm im Schatten der namensgebenden Gipfel ist ein idealer Ort f\u00fcr Wanderer, um eine Pause einzulegen und auf der Terrasse regionale Spezialit\u00e4ten und ein kaltes Getr\u00e4nk zu genie\u00dfen.\" src=\"https:\/\/www.holidaytrex.com\/magazine.p25000.de\/files\/2026\/03\/RS28525_shutterstock_2274189849-scr-729x486.jpg\" alt=\"Die Geisler Alm im Schatten der namensgebenden Gipfel ist ein idealer Ort f\u00fcr Wanderer, um eine Pause einzulegen und auf der Terrasse regionale Spezialit\u00e4ten und ein kaltes Getr\u00e4nk zu genie\u00dfen.\" width=\"729\" height=\"486\" srcset=\"https:\/\/www.holidaytrex.com\/magazine.p25000.de\/files\/2026\/03\/RS28525_shutterstock_2274189849-scr-729x486.jpg 729w, https:\/\/www.holidaytrex.com\/magazine.p25000.de\/files\/2026\/03\/RS28525_shutterstock_2274189849-scr-290x193.jpg 290w, https:\/\/www.holidaytrex.com\/magazine.p25000.de\/files\/2026\/03\/RS28525_shutterstock_2274189849-scr-728x485.jpg 728w, https:\/\/www.holidaytrex.com\/magazine.p25000.de\/files\/2026\/03\/RS28525_shutterstock_2274189849-scr-768x512.jpg 768w, https:\/\/www.holidaytrex.com\/magazine.p25000.de\/files\/2026\/03\/RS28525_shutterstock_2274189849-scr-468x312.jpg 468w, https:\/\/www.holidaytrex.com\/magazine.p25000.de\/files\/2026\/03\/RS28525_shutterstock_2274189849-scr-300x200.jpg 300w, https:\/\/www.holidaytrex.com\/magazine.p25000.de\/files\/2026\/03\/RS28525_shutterstock_2274189849-scr-999x666.jpg 999w, https:\/\/www.holidaytrex.com\/magazine.p25000.de\/files\/2026\/03\/RS28525_shutterstock_2274189849-scr-645x430.jpg 645w, https:\/\/www.holidaytrex.com\/magazine.p25000.de\/files\/2026\/03\/RS28525_shutterstock_2274189849-scr-552x368.jpg 552w, https:\/\/www.holidaytrex.com\/magazine.p25000.de\/files\/2026\/03\/RS28525_shutterstock_2274189849-scr-405x270.jpg 405w, https:\/\/www.holidaytrex.com\/magazine.p25000.de\/files\/2026\/03\/RS28525_shutterstock_2274189849-scr-336x224.jpg 336w, https:\/\/www.holidaytrex.com\/magazine.p25000.de\/files\/2026\/03\/RS28525_shutterstock_2274189849-scr-276x184.jpg 276w, https:\/\/www.holidaytrex.com\/magazine.p25000.de\/files\/2026\/03\/RS28525_shutterstock_2274189849-scr-234x156.jpg 234w, https:\/\/www.holidaytrex.com\/magazine.p25000.de\/files\/2026\/03\/RS28525_shutterstock_2274189849-scr-192x128.jpg 192w, https:\/\/www.holidaytrex.com\/magazine.p25000.de\/files\/2026\/03\/RS28525_shutterstock_2274189849-scr-120x80.jpg 120w, https:\/\/www.holidaytrex.com\/magazine.p25000.de\/files\/2026\/03\/RS28525_shutterstock_2274189849-scr.jpg 1440w\" sizes=\"(min-width: 1009px) 729px, (min-width: 819px) 594px, (min-width: 569px) 729px, (min-width: 449px) 468px, 348px\" \/><\/a><div class=\"tt-image-copyright\" data-image-id=\"1199\">\u00a9 fokke baarssen\/shutterstock.de<\/div>\n            <\/div>\n            <div class=\"tt-post-caption\">Die Geisler Alm im Schatten der namensgebenden Gipfel ist ein idealer Ort f\u00fcr Wanderer, um eine Pause einzulegen und auf der Terrasse regionale Spezialit\u00e4ten und ein kaltes Getr\u00e4nk zu genie\u00dfen.<\/div>\n         <\/div > \n<p>F\u00fcr Familien mit Kindern ist der 3 km lange Naturerlebnisweg Zans besser geeignet. Auf diesem barrierefreien Themenweg wird den Kleinen beim <a href=\"https:\/\/www.holidaytrex.com\/holiday-topics\/family.p620.de.html\" target=\"_blank\" rel=\"noopener\">Sommerurlaub mit Kindern<\/a> an verschiedenen Stationen Wissen \u00fcber Flora und Fauna vermittelt. Kulturelle H\u00f6hepunkte der Region sind die Kirchen St. Magdalena und St. Johann in Ranui. Vor den Geisler-Nadeln sind sie n\u00e4mlich beliebte Fotomotive. Weitere anspruchsvollere Touren hoch auf den 2.875 m hohen Peitlerkofel sind die historischen Herrensteige. Sie sind 10 km lang, wurden bereits im 16. Jahrhundert angelegt und f\u00fchren durch stille W\u00e4lder sowie schmale Berggrate.<\/p>\n<h2 id=\"geheimtipps-zum-wandern-in-s\u00fcdtirol\">Geheimtipps zum Wandern in S\u00fcdtirol<\/h2>\n<p>Mit den Dolomiten, den Ortler Alpen und dem Meraner Land bietet S\u00fcdtirol drei besonders vielseitige Wanderregionen f\u00fcr den <a href=\"https:\/\/www.holidaytrex.com\/holiday-topics\/hiking.p712.de.html\" target=\"_blank\" rel=\"noopener\">Wanderurlaub<\/a>.<\/p>\n<ul>\n<li>Das <strong>Matschertal mit dem Bildst\u00f6ckljoch im Obervinschgau<\/strong> ist ein urspr\u00fcngliches Tal, das alpine Herausforderungen bietet. Dazu geh\u00f6rt die 10 km lange Wanderung zu den Saldurseen in einer maximalen H\u00f6he von 3.010 m abseits der Touristenpfade vor einer spektakul\u00e4ren Bergkulisse.<\/li>\n<li>Auf dem <strong>Hochplateau von Terenten<\/strong> wartet eine 8 km lange Rundwanderung um die Erdpyramiden im Pustertal. Dabei sind auf einer H\u00f6he zwischen 1.200 m und 1.600 m beeindruckende geologische Formationen zu sehen, w\u00e4hrend die Sonne stets auf die Wege scheint.<\/li>\n<li>Der <strong>Natur-Mythenweg in Kastelbell<\/strong> ist ein 6 km langer, familienfreundlicher Themenweg in einer H\u00f6he von 1.300 m bis 1.500 m mit einigen interaktiven Stationen f\u00fcr Kinder. Die Strecke f\u00fchrt durch W\u00e4lder, von wo aus sich oft ein Blick auf die umliegenden Almen und die Gipfel der Dolomiten er\u00f6ffnet.<\/li>\n<\/ul>\n<h2 id=\"faq-zum-wandern-in-s\u00fcdtirol\">FAQ zum Wandern in S\u00fcdtirol<\/h2>\n<h3>Welche Wandergebiete in S\u00fcdtirol gelten als besonders sch\u00f6n?<\/h3>\n<p>Zu den landschaftlich eindrucksvollsten Regionen z\u00e4hlen die Dolomiten, die seit 2009 zum UNESCO-Weltnaturerbe geh\u00f6ren. Mit \u00fcber 500 km markierten Wegen zum <a href=\"https:\/\/www.holidaytrex.com\/magazine.p25000.de\/hiking-trekking\/hiking-for-beginners\/\" target=\"_blank\" rel=\"noopener\">Wandern<\/a>, spektakul\u00e4ren Felsformationen und Highlights wie der Seiser Alm oder dem Pragser Wildsee bieten sie auf einer H\u00f6he zwischen 620 und 3.343 m Panorama pur. Ebenso reizvoll sind das Vinschgau und das Meraner Land, die mit mediterranem Flair und alpiner Kulisse \u00fcberzeugen, das Pustertal mit den markanten Drei Zinnen, das genussreiche Eisacktal entlang des Keschtnwegs sowie die hochalpinen Ortler Alpen im Nationalpark Stilfserjoch. Jede dieser Regionen \u00fcberzeugt mit eigenem Charakter, von sanften Almen \u00fcber tiefblaue Bergseen hin zu Gletscherwelten.<\/p>\n<h3>Gibt es in S\u00fcdtirol auch sch\u00f6ne Wanderregionen f\u00fcr Anf\u00e4nger?<\/h3>\n<p>S\u00fcdtirol verf\u00fcgt \u00fcber zahlreiche Wandergebiete, die sich hervorragend f\u00fcr Einsteiger eignen. Besonders beliebt sind die historischen Waalwege im Vinschgau. Sie verlaufen auf weitgehend ebenen Pfaden entlang alter Bew\u00e4sserungssysteme und schaffen damit ideale Bedingungen f\u00fcr entspannte Genusswanderungen. Auch die Seiser Alm in den Dolomiten eignet sich mit ihren breiten Panoramawegen perfekt f\u00fcr Anf\u00e4nger, da viele Touren nur moderate H\u00f6henunterschiede aufweisen. Im Eisacktal laden Strecken wie der Keschtnweg zu gem\u00fctlichen Etappen durch Kastanienhaine und Weinberge ein. Dank der guten Beschilderung, der zahlreichen Einkehrm\u00f6glichkeiten und der Bergbahnen als Aufstiegshilfe finden Wanderneulinge hier ideale Voraussetzungen f\u00fcr einen gelungenen Start in den Wanderurlaub.<\/p>\n<h3>Wann ist die beste Zeit f\u00fcr Wanderurlaub in S\u00fcdtirol?<\/h3>\n<p>Mit rund 300 Sonnentagen im Jahr ist S\u00fcdtirol ein besonders vielseitiges Wanderziel. Die beste Reisezeit h\u00e4ngt von der H\u00f6henlage und dem gew\u00fcnschten Tourentyp ab. Im Fr\u00fchjahr und Herbst sind das Vinschgau und das Meraner Land mit ihrem milden Klima ideal f\u00fcr Genusswanderungen zwischen Obstg\u00e4rten und Kastanienhainen. Die Sommermonate eignen sich haupts\u00e4chlich f\u00fcr hochalpine Routen. Und die liegen in den Dolomiten oder den Ortler Alpen, da viele Wege dort dann schneefrei sind. Im Herbst bietet das Eisacktal entlang des Keschtnwegs zudem eine stimmungsvolle Kombination aus Naturerlebnis und traditionellem T\u00f6rggelen. In h\u00f6heren Lagen sollte jedoch jederzeit mit raschen Wetterwechseln gerechnet werden, weshalb eine sorgf\u00e4ltige Tourenplanung empfehlenswert ist.<\/p>\n<h3>Welche Wandergebiete in S\u00fcdtirol eignen sich besonders f\u00fcr Familien?<\/h3>\n<p>In S\u00fcdtirol finden Familien zahlreiche kindgerechte Wanderregionen. Die Seiser Alm beispielsweise bietet leichte Rundwege, die mit beeindruckenden Ausblicken auf den Schlern, den Langkofel und den Plattkofel locken. Im Vinschgau sind die flachen Waalwege ideal f\u00fcr entspannte Spazierg\u00e4nge mit Kindern. Auf der Plose im Eisacktal begeistert der &#8222;Woody Walk&#8220; mit interaktiven Spielstationen und im Villn\u00f6\u00dftal vermittelt der Naturerlebnisweg Zans spannende Einblicke in Flora und Fauna. Auch im Pustertal, rund um die Drei Zinnen, gibt es familienfreundliche Touren, wie Wanderungen durchs Fischleintal. Bei vielen dieser Routen wird das Naturerlebnis mit H\u00fcttenstopps kombiniert, bei denen regionale Spezialit\u00e4ten serviert werden.<\/p>\n<h3>Welche Wanderregionen in S\u00fcdtirol sind noch echte Geheimtipps?<\/h3>\n<p>Abseits der bekannten Hotspots gibt es in S\u00fcdtirol noch einige echte Geheimtipps f\u00fcr Wanderfreunde. Das urspr\u00fcngliche Matschertal im Obervinschgau beeindruckt mit alpiner Einsamkeit. Von dort aus f\u00fchrt eine anspruchsvolle Tour zu den auf \u00fcber 3.000 m H\u00f6he gelegenen Saldurseen. Auf dem Hochplateau von Terenten im Pustertal erwartet einen eine sonnige Rundwanderung zu faszinierenden Erdpyramiden. Der Natur-Mythenweg in Kastelbell pr\u00e4sentiert sich familienfreundlich und naturnah. Er f\u00fchrt auf rund sechs Kilometern durch W\u00e4lder und vorbei an Almen. Diese Regionen punkten mit Ruhe, authentischer Landschaft und einem intensiven Naturerlebnis. Ideal f\u00fcr alle, die S\u00fcdtirol abseits der stark frequentierten Routen entdecken m\u00f6chten.<\/p>\n","protected":false},"excerpt":{"rendered":"<p>In S\u00fcdtirol z\u00e4hlt das Wandern im Sommer zu den beliebtesten Aktivit\u00e4ten von Natur- und Bergliebhabern. Die Region bietet eine beeindruckende Vielfalt an Landschaften, von gem\u00fctlichen Genusswanderungen durch bl\u00fchende Almwiesen bis zu herausfordernden Gipfeltouren in den Dolomiten. Von sanften T\u00e4lern bis zu schroffen Felsformationen erleben Aktivurlauber hier Natur pur. HolidayTrex stellt die sch\u00f6nsten Wandergebiete S\u00fcdtirols vor und gibt kompakte Tipps f\u00fcr unvergessliche Touren.<\/p>\n","protected":false},"author":171,"featured_media":1192,"comment_status":"closed","ping_status":"closed","sticky":false,"template":"","format":"standard","meta":{"footnotes":""},"categories":[107],"tags":[126,9,133,15],"class_list":["post-923","post","type-post","status-publish","format-standard","has-post-thumbnail","hentry","category-hiking-trekking","tag-dolomitenregion_3_zinnen","tag-italien","tag-meraner_land","tag-suedtirol"],"yoast_head":"<!-- This site is optimized with the Yoast SEO Premium plugin v27.3 (Yoast SEO v27.3) - https:\/\/yoast.com\/product\/yoast-seo-premium-wordpress\/ -->\n<title>Sch\u00f6nste Wandergebiete S\u00fcdtirol: Die besten Regionen &amp; Tipps<\/title>\n<meta name=\"description\" content=\"Vielf\u00e4ltige Routen, eindrucksvolle Panoramen und Geheimtipps in den Alpen. HolidayTrex kennt die sch\u00f6nsten Wandergebiete S\u00fcdtirols.\" \/>\n<meta name=\"robots\" content=\"index, follow, max-snippet:-1, max-image-preview:large, max-video-preview:-1\" \/>\n<link rel=\"canonical\" href=\"https:\/\/www.holidaytrex.com\/magazine.p25000.de\/hiking-trekking\/most-beautiful-hiking-areas-south-tyrol\/\" \/>\n<meta property=\"og:locale\" content=\"de_DE\" \/>\n<meta property=\"og:type\" content=\"article\" \/>\n<meta property=\"og:title\" content=\"Sch\u00f6nste Wandergebiete S\u00fcdtirol: Die Top-Ziele f\u00fcr Wanderfreunde\" \/>\n<meta property=\"og:description\" content=\"In S\u00fcdtirol z\u00e4hlt das Wandern im Sommer zu den beliebtesten Aktivit\u00e4ten von Natur- und Bergliebhabern. Die Region bietet eine beeindruckende Vielfalt an Landschaften, von gem\u00fctlichen Genusswanderungen durch bl\u00fchende Almwiesen bis zu herausfordernden Gipfeltouren in den Dolomiten. Von sanften T\u00e4lern bis zu schroffen Felsformationen erleben Aktivurlauber hier Natur pur. HolidayTrex stellt die sch\u00f6nsten Wandergebiete S\u00fcdtirols vor und gibt kompakte Tipps f\u00fcr unvergessliche Touren.\" \/>\n<meta property=\"og:url\" content=\"https:\/\/www.holidaytrex.com\/magazine.p25000.de\/hiking-trekking\/most-beautiful-hiking-areas-south-tyrol\/\" \/>\n<meta property=\"og:site_name\" content=\"HolidayTrex Magazin\" \/>\n<meta property=\"article:publisher\" content=\"https:\/\/www.facebook.com\/p\/HolidayTrex-61573623030211\/\" \/>\n<meta property=\"article:published_time\" content=\"2026-03-08T11:15:47+00:00\" \/>\n<meta property=\"article:modified_time\" content=\"2026-03-10T14:54:24+00:00\" \/>\n<meta property=\"og:image\" content=\"https:\/\/www.holidaytrex.com\/magazine.p25000.de\/files\/2026\/03\/Auto.-Magazinartikel-45-1080-x-1350-px-7.jpg\" \/>\n\t<meta property=\"og:image:width\" content=\"1080\" \/>\n\t<meta property=\"og:image:height\" content=\"1350\" \/>\n\t<meta property=\"og:image:type\" content=\"image\/jpeg\" \/>\n<meta name=\"author\" content=\"HolidayTrex\" \/>\n<meta name=\"twitter:card\" content=\"summary_large_image\" \/>\n<meta name=\"twitter:label1\" content=\"Verfasst von\" \/>\n\t<meta name=\"twitter:data1\" content=\"HolidayTrex\" \/>\n\t<meta name=\"twitter:label2\" content=\"Gesch\u00e4tzte Lesezeit\" \/>\n\t<meta name=\"twitter:data2\" content=\"17\u00a0Minuten\" \/>\n<script type=\"application\/ld+json\" class=\"yoast-schema-graph\">{\"@context\":\"https:\\\/\\\/schema.org\",\"@graph\":[{\"@type\":\"Article\",\"@id\":\"http:\\\/\\\/wp-magazin-de.holidaytrex.com\\\/hiking-trekking\\\/most-beautiful-hiking-areas-south-tyrol\\\/#article\",\"isPartOf\":{\"@id\":\"http:\\\/\\\/wp-magazin-de.holidaytrex.com\\\/hiking-trekking\\\/most-beautiful-hiking-areas-south-tyrol\\\/\"},\"author\":{\"name\":\"HolidayTrex\",\"@id\":\"http:\\\/\\\/wp-magazin-de.holidaytrex.com\\\/#\\\/schema\\\/person\\\/091770934161403f3ba230b6216a6a54\"},\"headline\":\"Sch\u00f6nste Wandergebiete S\u00fcdtirol: Die Top-Ziele f\u00fcr Wanderfreunde\",\"datePublished\":\"2026-03-08T11:15:47+00:00\",\"dateModified\":\"2026-03-10T14:54:24+00:00\",\"mainEntityOfPage\":{\"@id\":\"http:\\\/\\\/wp-magazin-de.holidaytrex.com\\\/hiking-trekking\\\/most-beautiful-hiking-areas-south-tyrol\\\/\"},\"wordCount\":2788,\"publisher\":{\"@id\":\"http:\\\/\\\/wp-magazin-de.holidaytrex.com\\\/#organization\"},\"image\":{\"@id\":\"http:\\\/\\\/wp-magazin-de.holidaytrex.com\\\/hiking-trekking\\\/most-beautiful-hiking-areas-south-tyrol\\\/#primaryimage\"},\"thumbnailUrl\":\"http:\\\/\\\/wp-magazin-de.holidaytrex.com\\\/files\\\/2026\\\/03\\\/RS28097_shutterstock_569289094-hsc.jpg\",\"keywords\":[\"Dolomitenregion 3 Zinnen\",\"Italien\",\"Meraner Land\",\"S\u00fcdtirol\"],\"articleSection\":[\"Wandern &amp; Trekking\"],\"inLanguage\":\"de\"},{\"@type\":\"WebPage\",\"@id\":\"http:\\\/\\\/wp-magazin-de.holidaytrex.com\\\/hiking-trekking\\\/most-beautiful-hiking-areas-south-tyrol\\\/\",\"url\":\"http:\\\/\\\/wp-magazin-de.holidaytrex.com\\\/hiking-trekking\\\/most-beautiful-hiking-areas-south-tyrol\\\/\",\"name\":\"Sch\u00f6nste Wandergebiete S\u00fcdtirol: Die besten Regionen & Tipps\",\"primaryImageOfPage\":{\"@id\":\"http:\\\/\\\/wp-magazin-de.holidaytrex.com\\\/hiking-trekking\\\/most-beautiful-hiking-areas-south-tyrol\\\/#primaryimage\"},\"image\":{\"@id\":\"http:\\\/\\\/wp-magazin-de.holidaytrex.com\\\/hiking-trekking\\\/most-beautiful-hiking-areas-south-tyrol\\\/#primaryimage\"},\"thumbnailUrl\":\"http:\\\/\\\/wp-magazin-de.holidaytrex.com\\\/files\\\/2026\\\/03\\\/RS28097_shutterstock_569289094-hsc.jpg\",\"datePublished\":\"2026-03-08T11:15:47+00:00\",\"dateModified\":\"2026-03-10T14:54:24+00:00\",\"description\":\"Vielf\u00e4ltige Routen, eindrucksvolle Panoramen und Geheimtipps in den Alpen. HolidayTrex kennt die sch\u00f6nsten Wandergebiete S\u00fcdtirols.\",\"inLanguage\":\"de\"},{\"@type\":\"ImageObject\",\"inLanguage\":\"de\",\"@id\":\"http:\\\/\\\/wp-magazin-de.holidaytrex.com\\\/hiking-trekking\\\/most-beautiful-hiking-areas-south-tyrol\\\/#primaryimage\",\"url\":\"http:\\\/\\\/wp-magazin-de.holidaytrex.com\\\/files\\\/2026\\\/03\\\/RS28097_shutterstock_569289094-hsc.jpg\",\"contentUrl\":\"http:\\\/\\\/wp-magazin-de.holidaytrex.com\\\/files\\\/2026\\\/03\\\/RS28097_shutterstock_569289094-hsc.jpg\",\"width\":1920,\"height\":1280},{\"@type\":\"WebSite\",\"@id\":\"http:\\\/\\\/wp-magazin-de.holidaytrex.com\\\/#website\",\"url\":\"http:\\\/\\\/wp-magazin-de.holidaytrex.com\\\/\",\"name\":\"HolidayTrex Magazin\",\"description\":\"Alles rund um Wandern, Naturgenuss &amp; Sommerurlaub in den Bergen &amp; am Meer\",\"publisher\":{\"@id\":\"http:\\\/\\\/wp-magazin-de.holidaytrex.com\\\/#organization\"},\"inLanguage\":\"de\"},{\"@type\":\"Organization\",\"@id\":\"http:\\\/\\\/wp-magazin-de.holidaytrex.com\\\/#organization\",\"name\":\"TravelTrex GmbH\",\"url\":\"http:\\\/\\\/wp-magazin-de.holidaytrex.com\\\/\",\"logo\":{\"@type\":\"ImageObject\",\"inLanguage\":\"de\",\"@id\":\"http:\\\/\\\/wp-magazin-de.holidaytrex.com\\\/#\\\/schema\\\/logo\\\/image\\\/\",\"url\":\"http:\\\/\\\/wp-magazin-de.holidaytrex.com\\\/files\\\/2025\\\/09\\\/TravelTrex-Logo_RGB_transp.png\",\"contentUrl\":\"http:\\\/\\\/wp-magazin-de.holidaytrex.com\\\/files\\\/2025\\\/09\\\/TravelTrex-Logo_RGB_transp.png\",\"width\":1080,\"height\":282,\"caption\":\"TravelTrex GmbH\"},\"image\":{\"@id\":\"http:\\\/\\\/wp-magazin-de.holidaytrex.com\\\/#\\\/schema\\\/logo\\\/image\\\/\"},\"sameAs\":[\"https:\\\/\\\/www.facebook.com\\\/p\\\/HolidayTrex-61573623030211\\\/\",\"https:\\\/\\\/www.instagram.com\\\/holidaytrex_official\\\/\"],\"description\":\"HolidayTrex ist Spezialist f\u00fcr Alpenurlaub und bietet seine Reisen \u00fcberwiegend in \u00d6sterreich, Deutschland, Italien und der Schweiz an \u2013 erg\u00e4nzt durch ausgew\u00e4hlte Angebote an der Ostsee.\",\"email\":\"info-de@holidaytrex.com\",\"telephone\":\"01806 77 35 00 10\",\"legalName\":\"TravelTrex GmbH\",\"foundingDate\":\"1999-07-01\",\"vatID\":\"DE 813 076 768\",\"numberOfEmployees\":{\"@type\":\"QuantitativeValue\",\"minValue\":\"51\",\"maxValue\":\"200\"}},{\"@type\":\"Person\",\"@id\":\"http:\\\/\\\/wp-magazin-de.holidaytrex.com\\\/#\\\/schema\\\/person\\\/091770934161403f3ba230b6216a6a54\",\"name\":\"HolidayTrex\",\"description\":\"Die Redaktion des HolidayTrex-Magazins besteht aus erfahrenen Reiseexperten mit einer besonderen Leidenschaft f\u00fcr Urlaub in den Bergen. Sie teilen fundiertes Wissen \u00fcber Wanderregionen, Ausflugsziele und Aktivit\u00e4ten f\u00fcr Natururlauber, Familien und Aktivreisende. HolidayTrex ist Spezialist f\u00fcr Alpenurlaub und bietet seine Reisen \u00fcberwiegend in \u00d6sterreich, Deutschland, Italien und der Schweiz an \u2013 erg\u00e4nzt durch ausgew\u00e4hlte Angebote an der Ostsee.\",\"sameAs\":[\"https:\\\/\\\/www.holidaytrex.com\\\/index.de.html\",\"https:\\\/\\\/www.instagram.com\\\/holidaytrex_official\\\/\"]}]}<\/script>\n<!-- \/ Yoast SEO Premium plugin. -->","yoast_head_json":{"title":"Sch\u00f6nste Wandergebiete S\u00fcdtirol: Die besten Regionen & Tipps","description":"Vielf\u00e4ltige Routen, eindrucksvolle Panoramen und Geheimtipps in den Alpen. HolidayTrex kennt die sch\u00f6nsten Wandergebiete S\u00fcdtirols.","robots":{"index":"index","follow":"follow","max-snippet":"max-snippet:-1","max-image-preview":"max-image-preview:large","max-video-preview":"max-video-preview:-1"},"canonical":"https:\/\/www.holidaytrex.com\/magazine.p25000.de\/hiking-trekking\/most-beautiful-hiking-areas-south-tyrol\/","og_locale":"de_DE","og_type":"article","og_title":"Sch\u00f6nste Wandergebiete S\u00fcdtirol: Die Top-Ziele f\u00fcr Wanderfreunde","og_description":"In S\u00fcdtirol z\u00e4hlt das Wandern im Sommer zu den beliebtesten Aktivit\u00e4ten von Natur- und Bergliebhabern. Die Region bietet eine beeindruckende Vielfalt an Landschaften, von gem\u00fctlichen Genusswanderungen durch bl\u00fchende Almwiesen bis zu herausfordernden Gipfeltouren in den Dolomiten. Von sanften T\u00e4lern bis zu schroffen Felsformationen erleben Aktivurlauber hier Natur pur. HolidayTrex stellt die sch\u00f6nsten Wandergebiete S\u00fcdtirols vor und gibt kompakte Tipps f\u00fcr unvergessliche Touren.","og_url":"https:\/\/www.holidaytrex.com\/magazine.p25000.de\/hiking-trekking\/most-beautiful-hiking-areas-south-tyrol\/","og_site_name":"HolidayTrex Magazin","article_publisher":"https:\/\/www.facebook.com\/p\/HolidayTrex-61573623030211\/","article_published_time":"2026-03-08T11:15:47+00:00","article_modified_time":"2026-03-10T14:54:24+00:00","og_image":[{"width":1080,"height":1350,"url":"https:\/\/www.holidaytrex.com\/magazine.p25000.de\/files\/2026\/03\/Auto.-Magazinartikel-45-1080-x-1350-px-7.jpg","type":"image\/jpeg"}],"author":"HolidayTrex","twitter_card":"summary_large_image","twitter_misc":{"Verfasst von":"HolidayTrex","Gesch\u00e4tzte Lesezeit":"17\u00a0Minuten"},"schema":{"@context":"https:\/\/schema.org","@graph":[{"@type":"Article","@id":"https:\/\/www.holidaytrex.com\/magazine.p25000.de\/hiking-trekking\/most-beautiful-hiking-areas-south-tyrol\/#article","isPartOf":{"@id":"https:\/\/www.holidaytrex.com\/magazine.p25000.de\/hiking-trekking\/most-beautiful-hiking-areas-south-tyrol\/"},"author":{"name":"HolidayTrex","@id":"https:\/\/www.holidaytrex.com\/magazine.p25000.de\/#\/schema\/person\/091770934161403f3ba230b6216a6a54"},"headline":"Sch\u00f6nste Wandergebiete S\u00fcdtirol: Die Top-Ziele f\u00fcr Wanderfreunde","datePublished":"2026-03-08T11:15:47+00:00","dateModified":"2026-03-10T14:54:24+00:00","mainEntityOfPage":{"@id":"https:\/\/www.holidaytrex.com\/magazine.p25000.de\/hiking-trekking\/most-beautiful-hiking-areas-south-tyrol\/"},"wordCount":2788,"publisher":{"@id":"https:\/\/www.holidaytrex.com\/magazine.p25000.de\/#organization"},"image":{"@id":"https:\/\/www.holidaytrex.com\/magazine.p25000.de\/hiking-trekking\/most-beautiful-hiking-areas-south-tyrol\/#primaryimage"},"thumbnailUrl":"https:\/\/www.holidaytrex.com\/magazine.p25000.de\/files\/2026\/03\/RS28097_shutterstock_569289094-hsc.jpg","keywords":["Dolomitenregion 3 Zinnen","Italien","Meraner Land","S\u00fcdtirol"],"articleSection":["Wandern &amp; Trekking"],"inLanguage":"de"},{"@type":"WebPage","@id":"https:\/\/www.holidaytrex.com\/magazine.p25000.de\/hiking-trekking\/most-beautiful-hiking-areas-south-tyrol\/","url":"https:\/\/www.holidaytrex.com\/magazine.p25000.de\/hiking-trekking\/most-beautiful-hiking-areas-south-tyrol\/","name":"Sch\u00f6nste Wandergebiete S\u00fcdtirol: Die besten Regionen & Tipps","primaryImageOfPage":{"@id":"https:\/\/www.holidaytrex.com\/magazine.p25000.de\/hiking-trekking\/most-beautiful-hiking-areas-south-tyrol\/#primaryimage"},"image":{"@id":"https:\/\/www.holidaytrex.com\/magazine.p25000.de\/hiking-trekking\/most-beautiful-hiking-areas-south-tyrol\/#primaryimage"},"thumbnailUrl":"https:\/\/www.holidaytrex.com\/magazine.p25000.de\/files\/2026\/03\/RS28097_shutterstock_569289094-hsc.jpg","datePublished":"2026-03-08T11:15:47+00:00","dateModified":"2026-03-10T14:54:24+00:00","description":"Vielf\u00e4ltige Routen, eindrucksvolle Panoramen und Geheimtipps in den Alpen. HolidayTrex kennt die sch\u00f6nsten Wandergebiete S\u00fcdtirols.","inLanguage":"de"},{"@type":"ImageObject","inLanguage":"de","@id":"https:\/\/www.holidaytrex.com\/magazine.p25000.de\/hiking-trekking\/most-beautiful-hiking-areas-south-tyrol\/#primaryimage","url":"https:\/\/www.holidaytrex.com\/magazine.p25000.de\/files\/2026\/03\/RS28097_shutterstock_569289094-hsc.jpg","contentUrl":"https:\/\/www.holidaytrex.com\/magazine.p25000.de\/files\/2026\/03\/RS28097_shutterstock_569289094-hsc.jpg","width":1920,"height":1280},{"@type":"WebSite","@id":"https:\/\/www.holidaytrex.com\/magazine.p25000.de\/#website","url":"https:\/\/www.holidaytrex.com\/magazine.p25000.de\/","name":"HolidayTrex Magazin","description":"Alles rund um Wandern, Naturgenuss &amp; Sommerurlaub in den Bergen &amp; am Meer","publisher":{"@id":"https:\/\/www.holidaytrex.com\/magazine.p25000.de\/#organization"},"inLanguage":"de"},{"@type":"Organization","@id":"https:\/\/www.holidaytrex.com\/magazine.p25000.de\/#organization","name":"TravelTrex GmbH","url":"https:\/\/www.holidaytrex.com\/magazine.p25000.de\/","logo":{"@type":"ImageObject","inLanguage":"de","@id":"https:\/\/www.holidaytrex.com\/magazine.p25000.de\/#\/schema\/logo\/image\/","url":"https:\/\/www.holidaytrex.com\/magazine.p25000.de\/files\/2025\/09\/TravelTrex-Logo_RGB_transp.png","contentUrl":"https:\/\/www.holidaytrex.com\/magazine.p25000.de\/files\/2025\/09\/TravelTrex-Logo_RGB_transp.png","width":1080,"height":282,"caption":"TravelTrex GmbH"},"image":{"@id":"https:\/\/www.holidaytrex.com\/magazine.p25000.de\/#\/schema\/logo\/image\/"},"sameAs":["https:\/\/www.facebook.com\/p\/HolidayTrex-61573623030211\/","https:\/\/www.instagram.com\/holidaytrex_official\/"],"description":"HolidayTrex ist Spezialist f\u00fcr Alpenurlaub und bietet seine Reisen \u00fcberwiegend in \u00d6sterreich, Deutschland, Italien und der Schweiz an \u2013 erg\u00e4nzt durch ausgew\u00e4hlte Angebote an der Ostsee.","email":"info-de@holidaytrex.com","telephone":"01806 77 35 00 10","legalName":"TravelTrex GmbH","foundingDate":"1999-07-01","vatID":"DE 813 076 768","numberOfEmployees":{"@type":"QuantitativeValue","minValue":"51","maxValue":"200"}},{"@type":"Person","@id":"https:\/\/www.holidaytrex.com\/magazine.p25000.de\/#\/schema\/person\/091770934161403f3ba230b6216a6a54","name":"HolidayTrex","description":"Die Redaktion des HolidayTrex-Magazins besteht aus erfahrenen Reiseexperten mit einer besonderen Leidenschaft f\u00fcr Urlaub in den Bergen. Sie teilen fundiertes Wissen \u00fcber Wanderregionen, Ausflugsziele und Aktivit\u00e4ten f\u00fcr Natururlauber, Familien und Aktivreisende. HolidayTrex ist Spezialist f\u00fcr Alpenurlaub und bietet seine Reisen \u00fcberwiegend in \u00d6sterreich, Deutschland, Italien und der Schweiz an \u2013 erg\u00e4nzt durch ausgew\u00e4hlte Angebote an der Ostsee.","sameAs":["https:\/\/www.holidaytrex.com\/index.de.html","https:\/\/www.instagram.com\/holidaytrex_official\/"]}]}},"wp-worthy-pixel":{"ignored":false,"public":null,"server":null,"url":null},"wp-worthy-type":"normal","_links":{"self":[{"href":"https:\/\/www.holidaytrex.com\/magazine.p25000.de\/wp-json\/wp\/v2\/posts\/923","targetHints":{"allow":["GET"]}}],"collection":[{"href":"https:\/\/www.holidaytrex.com\/magazine.p25000.de\/wp-json\/wp\/v2\/posts"}],"about":[{"href":"https:\/\/www.holidaytrex.com\/magazine.p25000.de\/wp-json\/wp\/v2\/types\/post"}],"author":[{"embeddable":true,"href":"https:\/\/www.holidaytrex.com\/magazine.p25000.de\/wp-json\/wp\/v2\/users\/171"}],"replies":[{"embeddable":true,"href":"https:\/\/www.holidaytrex.com\/magazine.p25000.de\/wp-json\/wp\/v2\/comments?post=923"}],"version-history":[{"count":29,"href":"https:\/\/www.holidaytrex.com\/magazine.p25000.de\/wp-json\/wp\/v2\/posts\/923\/revisions"}],"predecessor-version":[{"id":1255,"href":"https:\/\/www.holidaytrex.com\/magazine.p25000.de\/wp-json\/wp\/v2\/posts\/923\/revisions\/1255"}],"wp:featuredmedia":[{"embeddable":true,"href":"https:\/\/www.holidaytrex.com\/magazine.p25000.de\/wp-json\/wp\/v2\/media\/1192"}],"wp:attachment":[{"href":"https:\/\/www.holidaytrex.com\/magazine.p25000.de\/wp-json\/wp\/v2\/media?parent=923"}],"wp:term":[{"taxonomy":"category","embeddable":true,"href":"https:\/\/www.holidaytrex.com\/magazine.p25000.de\/wp-json\/wp\/v2\/categories?post=923"},{"taxonomy":"post_tag","embeddable":true,"href":"https:\/\/www.holidaytrex.com\/magazine.p25000.de\/wp-json\/wp\/v2\/tags?post=923"}],"curies":[{"name":"wp","href":"https:\/\/api.w.org\/{rel}","templated":true}]}}