{"id":948,"date":"2026-03-15T12:15:48","date_gmt":"2026-03-15T11:15:48","guid":{"rendered":"https:\/\/www.holidaytrex.com\/magazine.p25000.de\/?p=948"},"modified":"2026-03-23T12:34:50","modified_gmt":"2026-03-23T11:34:50","slug":"cities-in-the-alps","status":"publish","type":"post","link":"https:\/\/www.holidaytrex.com\/magazine.p25000.de\/destinations\/cities-in-the-alps\/","title":{"rendered":"St\u00e4dte in den Alpen: Die sch\u00f6nsten Ziele f\u00fcr einen St\u00e4dtetrip"},"content":{"rendered":"<p data-start=\"291\" data-end=\"1032\"><strong>Sehensw\u00fcrdigkeiten entdecken, regionale Spezialit\u00e4ten probieren, durch charmante Einkaufsstra\u00dfen bummeln und den Tag in Bars oder Restaurants ausklingen lassen. Die sch\u00f6nsten St\u00e4dte in den Alpen verbinden genau das: Kultur, Genuss und Abwechslung. Und in Europas gr\u00f6\u00dftem Hochgebirge kommt dann noch ein besonderer Ausblick hinzu, denn viele Orte liegen hier direkt vor einer beeindruckenden Bergkulisse. St\u00e4dte wie Innsbruck zeigen dabei, dass urbanes Leben und wunderbare Natur ganz nah beieinanderliegen k\u00f6nnen. Wo historische Altst\u00e4dte zwischen Fr\u00fchling und Herbst, in Kombination mit einer vielf\u00e4ltigen Gastronomie und atemberaubenden Gipfelblicken zu spannenden Reisedestinationen werden, zeigt <a href=\"https:\/\/www.holidaytrex.com\/index.de.html\" target=\"_blank\" rel=\"noopener\">HolidayTrex<\/a>.<\/strong><\/p>\n<div class=\"tt-post-image-wrapper tt-post-image-wrapper-full\">\n            <div class=\"tt-image-copyright-container\">\n                <a href=\"https:\/\/www.holidaytrex.com\/magazine.p25000.de\/files\/2026\/03\/RS28561_shutterstock_2169868367-hsc.jpg\" target=\"_blank\" rel=\"noopener\"><img loading=\"lazy\" decoding=\"async\" data-wrapped=\"true\" class=\"wp-image-1232 size-Artikelbild_gro\u00df\" title=\"Salzburg ist die Geburtsstadt von Wolfgang Amadeus Mozart, und heute genauso bekannt und beliebt wie ihr ber\u00fchmtester Sohn.\" src=\"https:\/\/www.holidaytrex.com\/magazine.p25000.de\/files\/2026\/03\/RS28561_shutterstock_2169868367-hsc-729x486.jpg\" alt=\"Salzburg ist die Geburtsstadt von Wolfgang Amadeus Mozart, und heute genauso bekannt und beliebt wie ihr ber\u00fchmtester Sohn.\" width=\"729\" height=\"486\" srcset=\"https:\/\/www.holidaytrex.com\/magazine.p25000.de\/files\/2026\/03\/RS28561_shutterstock_2169868367-hsc-729x486.jpg 729w, https:\/\/www.holidaytrex.com\/magazine.p25000.de\/files\/2026\/03\/RS28561_shutterstock_2169868367-hsc-468x312.jpg 468w, https:\/\/www.holidaytrex.com\/magazine.p25000.de\/files\/2026\/03\/RS28561_shutterstock_2169868367-hsc-300x200.jpg 300w, https:\/\/www.holidaytrex.com\/magazine.p25000.de\/files\/2026\/03\/RS28561_shutterstock_2169868367-hsc-999x666.jpg 999w, https:\/\/www.holidaytrex.com\/magazine.p25000.de\/files\/2026\/03\/RS28561_shutterstock_2169868367-hsc-645x430.jpg 645w, https:\/\/www.holidaytrex.com\/magazine.p25000.de\/files\/2026\/03\/RS28561_shutterstock_2169868367-hsc-552x368.jpg 552w, https:\/\/www.holidaytrex.com\/magazine.p25000.de\/files\/2026\/03\/RS28561_shutterstock_2169868367-hsc-405x270.jpg 405w, https:\/\/www.holidaytrex.com\/magazine.p25000.de\/files\/2026\/03\/RS28561_shutterstock_2169868367-hsc-336x224.jpg 336w, https:\/\/www.holidaytrex.com\/magazine.p25000.de\/files\/2026\/03\/RS28561_shutterstock_2169868367-hsc-276x184.jpg 276w, https:\/\/www.holidaytrex.com\/magazine.p25000.de\/files\/2026\/03\/RS28561_shutterstock_2169868367-hsc-234x156.jpg 234w, https:\/\/www.holidaytrex.com\/magazine.p25000.de\/files\/2026\/03\/RS28561_shutterstock_2169868367-hsc-192x128.jpg 192w, https:\/\/www.holidaytrex.com\/magazine.p25000.de\/files\/2026\/03\/RS28561_shutterstock_2169868367-hsc-120x80.jpg 120w\" sizes=\"(min-width: 1009px) 729px, (min-width: 819px) 594px, (min-width: 569px) 729px, (min-width: 449px) 468px, 348px\" \/><\/a><div class=\"tt-image-copyright\" data-image-id=\"1232\">\u00a9 Andrew Mayovskyy\/shutterstock.de<\/div>\n            <\/div>\n            <div class=\"tt-post-caption\">Salzburg ist die Geburtsstadt von Wolfgang Amadeus Mozart, und heute genauso bekannt und beliebt wie ihr ber\u00fchmtester Sohn.<\/div>\n         <\/div > \n<p data-start=\"291\" data-end=\"1032\">\n<div class=\"tt-table-of-content\">\n                <span class=\"tt-icon-circle-up tt-table-of-content-button\"><\/span><\/p>\n<div class=\"tt-table-of-content-caption\">\n                    Inhaltsverzeichnis\n                <\/div>\n<div class=\"tt-table-of-content-body\">\n                    <a href=\"#was-macht-alpenst\u00e4dte-besonders?\"><span class=\"layer-0\">Was macht Alpenst\u00e4dte besonders?<\/span><\/a><a href=\"#die-sch\u00f6nsten-alpenst\u00e4dte-im-\u00dcberblick\"><span class=\"layer-0\">Die sch\u00f6nsten Alpenst\u00e4dte im \u00dcberblick<\/span><\/a><a href=\"#alpenst\u00e4dte-in-\u00d6sterreich\"><span class=\"layer-0\">Alpenst\u00e4dte in \u00d6sterreich<\/span><\/a><a href=\"#alpenst\u00e4dte-in-der-schweiz\"><span class=\"layer-0\">Alpenst\u00e4dte in der Schweiz<\/span><\/a><a href=\"#alpenst\u00e4dte-in-deutschland\"><span class=\"layer-0\">Alpenst\u00e4dte in Deutschland<\/span><\/a><a href=\"#alpenst\u00e4dte-in-italien\"><span class=\"layer-0\">Alpenst\u00e4dte in Italien<\/span><\/a><a href=\"#alpenst\u00e4dte-in-frankreich\"><span class=\"layer-0\">Alpenst\u00e4dte in Frankreich<\/span><\/a><a href=\"#alpenst\u00e4dte-in-slowenien-und-liechtenstein\"><span class=\"layer-0\">Alpenst\u00e4dte in Slowenien und Liechtenstein<\/span><\/a><a href=\"#aktivit\u00e4ten-und-erlebnisse-in-alpenst\u00e4dten\"><span class=\"layer-0\">Aktivit\u00e4ten und Erlebnisse in Alpenst\u00e4dten<\/span><\/a><a href=\"#tipps-f\u00fcr-den-perfekten-st\u00e4dtetrip-in-den-alpen\"><span class=\"layer-0\">Tipps f\u00fcr den perfekten St\u00e4dtetrip in den Alpen<\/span><\/a><a href=\"#faq-zu-alpenst\u00e4dten\"><span class=\"layer-0\">FAQ zu Alpenst\u00e4dten<\/span><\/a>\n                 <\/div>\n<\/p><\/div>\n<hr>\n<h2 data-start=\"1034\" data-end=\"1069\" id=\"was-macht-alpenst\u00e4dte-besonders?\">Was macht Alpenst\u00e4dte besonders?<\/h2>\n<p>Alpenst\u00e4dte sind St\u00e4dte, deren kompaktes Zentrum direkt von Hochgebirgslandschaften mit Gipfeln, T\u00e4lern und Seen umgeben ist. Sie kombinieren urbane Infrastruktur mit schnellen Zug\u00e4ngen zu Aussichtspunkten, Wanderwegen und Seen. Typisch sind historische Altst\u00e4dte, regionale K\u00fcche, kulturelle Veranstaltungen im Sommer und Herbst sowie markante Bergpanoramen, die sich direkt am Stadtrand erheben.<\/p>\n<p>Solch spektakul\u00e4ren Szenerien bieten beispielsweise Innsbruck im Inntal vor der Nordkette oder Interlaken zwischen Thunersee und Brienzersee mit einem unverbauten Blick auf das Dreigestirn Eiger, M\u00f6nch und Jungfrau. Hier pr\u00e4gt die N\u00e4he zur Natur den Alltag und es gibt vielf\u00e4ltige Outdoor-Aktivit\u00e4ten direkt vor der eigenen Haust\u00fcr. So kann man hier etwa Spazierg\u00e4nge unternehmen, Ausfl\u00fcge zu Aussichtspunkten machen oder Wanderungen in den umliegenden Bergen genie\u00dfen. Die Orte punkten dabei mit Infrastruktur, Kultur und Komfort und sind somit ideale Reisedestinationen.<\/p>\n<p>Neben der Landschaft werden Alpenst\u00e4dte aber auch immer von ihren historischen Altst\u00e4dten gepr\u00e4gt. Enge Gassen, Kopfsteinpflaster, alte Stadttore und kunstvolle Kirchen erz\u00e4hlen von Jahrhunderten europ\u00e4ischer Geschichte. Salzburg beeindruckt beispielsweise mit barocker Architektur und Bauwerken wie dem Schloss Mirabell. Chur ist hingegen als \u00e4lteste Stadt der <a href=\"https:\/\/www.holidaytrex.com\/country\/holidays\/ch\/4028815c918239400191a2b13afa3e47.p11000.de.html\" target=\"_blank\" rel=\"noopener\">Schweiz<\/a> bekannt und beeindruckt mit seinen verwinkelten Stra\u00dfen und historischen H\u00e4usern. In Bozen verschmelzen italienische und \u00f6sterreichische Baustile, w\u00e4hrend in Annecy farbenfrohe Fassaden und Kan\u00e4le dazu beitragen, dass die Stadt bis heute den Spitznamen &#8222;Venedig der Alpen&#8220; tr\u00e4gt. Weitere Highlights sind die r\u00f6mischen Spuren in Aosta und die eleganten Villen aus der Belle \u00c9poque in Meran.<\/p>\n<p>Und dann w\u00e4re da noch die kulturelle Vielfalt der Alpenst\u00e4dte. Da das Hochgebirge sich schlie\u00dflich \u00fcber mehrere L\u00e4nder erstreckt, treffen in den Orten selbstverst\u00e4ndlich auch unterschiedliche Sprachen, Traditionen und kulinarische Einfl\u00fcsse aufeinander. So ist S\u00fcdtirol im Alltag etwa von der Zweisprachigkeit aus Deutsch und Italienisch gepr\u00e4gt. Und auch einige Regionen Frankreichs haben eine ganz eigene Lebensart, die sich in Festivals, Konzerten und Stadtfesten widerspiegelt. Solche Veranstaltungen sollte man sich nicht entgehen lassen, etwa die Salzburger Festspiele, die jedes Jahr im Sommer internationale K\u00fcnstler und Besucher anziehen. Die Hauptstadt des gleichnamigen Bundeslandes in <a href=\"https:\/\/www.holidaytrex.com\/country\/holidays\/at\/4028815c708218f501708ae24aee2d17.p11000.de.html\" target=\"_blank\" rel=\"noopener\">\u00d6sterreich<\/a> zeigt zudem, wie sich in Alpenst\u00e4dten Traditionen mit moderner Kunst, Wissenschaft und kreativen Szenen verbinden lassen.<\/p>\n<h2 data-start=\"4908\" data-end=\"4954\" id=\"die-sch\u00f6nsten-alpenst\u00e4dte-im-\u00dcberblick\">Die sch\u00f6nsten Alpenst\u00e4dte im \u00dcberblick<\/h2>\n<p data-start=\"4956\" data-end=\"5103\">\n<table id=\"tablepress-23\" class=\"tablepress tablepress-id-23\">\n<thead>\n<tr class=\"row-1\">\n\t<th class=\"column-1\"><strong>Stadt<\/strong><\/th><th class=\"column-2\"><strong>Land<\/strong><\/th><th class=\"column-3\"><strong>Einwohner<\/strong><\/th><th class=\"column-4\"><strong>Highlights<\/strong><\/th>\n<\/tr>\n<\/thead>\n<tbody class=\"row-striping row-hover\">\n<tr class=\"row-2\">\n\t<td class=\"column-1\">Innsbruck<\/td><td class=\"column-2\">\u00d6sterreich<\/td><td class=\"column-3\">132.499<\/td><td class=\"column-4\">Goldenes Dachl, Kaiserliche Hofburg und Bergisel-Schanze<\/td>\n<\/tr>\n<tr class=\"row-3\">\n\t<td class=\"column-1\">Salzburg<\/td><td class=\"column-2\">\u00d6sterreich<\/td><td class=\"column-3\">157.659<\/td><td class=\"column-4\">Festung Hohensalzburg, Salzachufer-Promenade und Mozart-Geburtshaus<\/td>\n<\/tr>\n<tr class=\"row-4\">\n\t<td class=\"column-1\">Bregenz<\/td><td class=\"column-2\">\u00d6sterreich<\/td><td class=\"column-3\">29.476<\/td><td class=\"column-4\">Bodensee, Martinsturm und Bregenzer Festspiele<\/td>\n<\/tr>\n<tr class=\"row-5\">\n\t<td class=\"column-1\">Luzern<\/td><td class=\"column-2\">Schweiz<\/td><td class=\"column-3\">86.234<\/td><td class=\"column-4\">Vierwaldst\u00e4ttersee, Kapellbr\u00fccke und Pilatusbahn<\/td>\n<\/tr>\n<tr class=\"row-6\">\n\t<td class=\"column-1\">Chur<\/td><td class=\"column-2\">Schweiz<\/td><td class=\"column-3\">39.486<\/td><td class=\"column-4\">Kathedrale St. Mari\u00e4 Himmelfahrt, Zunfth\u00e4user und Glacier Express<\/td>\n<\/tr>\n<tr class=\"row-7\">\n\t<td class=\"column-1\">Interlaken<\/td><td class=\"column-2\">Schweiz<\/td><td class=\"column-3\">6.123<\/td><td class=\"column-4\">Thuner-\/Brienzersee, Giessbachf\u00e4lle und Schloss Interlaken<\/td>\n<\/tr>\n<tr class=\"row-8\">\n\t<td class=\"column-1\">Garmisch-Partenkirchen<\/td><td class=\"column-2\">Deutschland<\/td><td class=\"column-3\">28.305<\/td><td class=\"column-4\">Ludwigstra\u00dfe, Gro\u00dfe Olympiaschanze und Zugspitze<\/td>\n<\/tr>\n<tr class=\"row-9\">\n\t<td class=\"column-1\">Berchtesgaden<\/td><td class=\"column-2\">Deutschland<\/td><td class=\"column-3\">7.697<\/td><td class=\"column-4\">K\u00f6nigssee, Wallfahrtskirche St. Bartholom\u00e4 und K\u00f6nigliches Schloss Berchtesgaden<\/td>\n<\/tr>\n<tr class=\"row-10\">\n\t<td class=\"column-1\">Bad Reichenhall<\/td><td class=\"column-2\">Deutschland<\/td><td class=\"column-3\">18.288<\/td><td class=\"column-4\">Solequellen, K\u00f6niglicher Kurgarten und Philharmonie<\/td>\n<\/tr>\n<tr class=\"row-11\">\n\t<td class=\"column-1\">Bozen (Bolzano)<\/td><td class=\"column-2\">Italien<\/td><td class=\"column-3\">106.463<\/td><td class=\"column-4\">Waltherplatz, Dom Maria Himmelfahrt und S\u00fcdtiroler Arch\u00e4ologiemuseum<\/td>\n<\/tr>\n<tr class=\"row-12\">\n\t<td class=\"column-1\">Meran (Merano)<\/td><td class=\"column-2\">Italien<\/td><td class=\"column-3\">41.539<\/td><td class=\"column-4\">Therme Meran, Schloss Trauttmansdorff und Altstadt<\/td>\n<\/tr>\n<tr class=\"row-13\">\n\t<td class=\"column-1\">Aosta<\/td><td class=\"column-2\">Italien<\/td><td class=\"column-3\">33.136<\/td><td class=\"column-4\">Teatro Romano, Piazza \u00c9mile Chanoux und Forte di Bard<\/td>\n<\/tr>\n<tr class=\"row-14\">\n\t<td class=\"column-1\">Grenoble<\/td><td class=\"column-2\">Frankreich<\/td><td class=\"column-3\">156.140<\/td><td class=\"column-4\">Bastille-Festung, Mus\u00e9e de Grenoble und Markthallen<\/td>\n<\/tr>\n<tr class=\"row-15\">\n\t<td class=\"column-1\">Annecy<\/td><td class=\"column-2\">Frankreich<\/td><td class=\"column-3\">132.117<\/td><td class=\"column-4\">Lac d\u2019Annecy, Palais de l\u2019Isle und Ch\u00e2teau d\u2019Annecy<\/td>\n<\/tr>\n<tr class=\"row-16\">\n\t<td class=\"column-1\">Gap<\/td><td class=\"column-2\">Frankreich<\/td><td class=\"column-3\">41.293<\/td><td class=\"column-4\">Place Jean-Marcellin, Kathedrale Notre-Dame-et-Saint-Arnoux und Mus\u00e9e Mus\u00e9um d\u00e9partemental des Hautes-Alpes<\/td>\n<\/tr>\n<tr class=\"row-17\">\n\t<td class=\"column-1\">Kranj<\/td><td class=\"column-2\">Slowenien<\/td><td class=\"column-3\">38.024<\/td><td class=\"column-4\">Pre\u0161eren-Theater, Bleder See und Altstadt<\/td>\n<\/tr>\n<tr class=\"row-18\">\n\t<td class=\"column-1\">Vaduz<\/td><td class=\"column-2\">Liechtenstein<\/td><td class=\"column-3\">5.771<\/td><td class=\"column-4\">Schloss Vaduz, Kunstmuseum Liechtenstein und Parlament<\/td>\n<\/tr>\n<\/tbody>\n<\/table>\n<!-- #tablepress-23 from cache --><\/p>\n<h2 data-start=\"5105\" data-end=\"5136\" id=\"alpenst\u00e4dte-in-\u00d6sterreich\">Alpenst\u00e4dte in \u00d6sterreich<\/h2>\n<h3 data-start=\"5140\" data-end=\"5720\">Innsbruck<\/h3>\n<ul>\n<li data-start=\"5140\" data-end=\"5720\"><strong>Einwohner:<\/strong> 132.499<\/li>\n<li data-start=\"5140\" data-end=\"5720\"><strong>Highlights:<\/strong> Goldenes Dachl, Kaiserliche Hofburg und Bergisel-Schanze<\/li>\n<\/ul>\n<div class=\"tt-post-image-wrapper tt-post-image-wrapper-full\">\n            <div class=\"tt-image-copyright-container\">\n                <a href=\"https:\/\/www.holidaytrex.com\/magazine.p25000.de\/files\/2026\/03\/RS28559_shutterstock_2090546779-scr.jpg\" target=\"_blank\" rel=\"noopener\"><img loading=\"lazy\" decoding=\"async\" data-wrapped=\"true\" class=\"wp-image-1238 size-Artikelbild_gro\u00df\" title=\"Mit der beeindruckenden Kulisse der Nordkette ist Innsbruck heute der Inbegriff einer Alpenstadt.\" src=\"https:\/\/www.holidaytrex.com\/magazine.p25000.de\/files\/2026\/03\/RS28559_shutterstock_2090546779-scr-729x486.jpg\" alt=\"Mit der beeindruckenden Kulisse der Nordkette ist Innsbruck heute der Inbegriff einer Alpenstadt.\" width=\"729\" height=\"486\" srcset=\"https:\/\/www.holidaytrex.com\/magazine.p25000.de\/files\/2026\/03\/RS28559_shutterstock_2090546779-scr-729x486.jpg 729w, https:\/\/www.holidaytrex.com\/magazine.p25000.de\/files\/2026\/03\/RS28559_shutterstock_2090546779-scr-290x193.jpg 290w, https:\/\/www.holidaytrex.com\/magazine.p25000.de\/files\/2026\/03\/RS28559_shutterstock_2090546779-scr-728x485.jpg 728w, https:\/\/www.holidaytrex.com\/magazine.p25000.de\/files\/2026\/03\/RS28559_shutterstock_2090546779-scr-768x512.jpg 768w, https:\/\/www.holidaytrex.com\/magazine.p25000.de\/files\/2026\/03\/RS28559_shutterstock_2090546779-scr-468x312.jpg 468w, https:\/\/www.holidaytrex.com\/magazine.p25000.de\/files\/2026\/03\/RS28559_shutterstock_2090546779-scr-300x200.jpg 300w, https:\/\/www.holidaytrex.com\/magazine.p25000.de\/files\/2026\/03\/RS28559_shutterstock_2090546779-scr-999x666.jpg 999w, https:\/\/www.holidaytrex.com\/magazine.p25000.de\/files\/2026\/03\/RS28559_shutterstock_2090546779-scr-645x430.jpg 645w, https:\/\/www.holidaytrex.com\/magazine.p25000.de\/files\/2026\/03\/RS28559_shutterstock_2090546779-scr-552x368.jpg 552w, https:\/\/www.holidaytrex.com\/magazine.p25000.de\/files\/2026\/03\/RS28559_shutterstock_2090546779-scr-405x270.jpg 405w, https:\/\/www.holidaytrex.com\/magazine.p25000.de\/files\/2026\/03\/RS28559_shutterstock_2090546779-scr-336x224.jpg 336w, https:\/\/www.holidaytrex.com\/magazine.p25000.de\/files\/2026\/03\/RS28559_shutterstock_2090546779-scr-276x184.jpg 276w, https:\/\/www.holidaytrex.com\/magazine.p25000.de\/files\/2026\/03\/RS28559_shutterstock_2090546779-scr-234x156.jpg 234w, https:\/\/www.holidaytrex.com\/magazine.p25000.de\/files\/2026\/03\/RS28559_shutterstock_2090546779-scr-192x128.jpg 192w, https:\/\/www.holidaytrex.com\/magazine.p25000.de\/files\/2026\/03\/RS28559_shutterstock_2090546779-scr-120x80.jpg 120w, https:\/\/www.holidaytrex.com\/magazine.p25000.de\/files\/2026\/03\/RS28559_shutterstock_2090546779-scr.jpg 1440w\" sizes=\"(min-width: 1009px) 729px, (min-width: 819px) 594px, (min-width: 569px) 729px, (min-width: 449px) 468px, 348px\" \/><\/a><div class=\"tt-image-copyright\" data-image-id=\"1238\">\u00a9 saiko3p\/shutterstock.de<\/div>\n            <\/div>\n            <div class=\"tt-post-caption\">Mit der beeindruckenden Kulisse der Nordkette ist Innsbruck heute der Inbegriff einer Alpenstadt.<\/div>\n         <\/div > \n<p data-start=\"5140\" data-end=\"5720\">Die Tiroler Landeshauptstadt wird oft als &#8222;Hauptstadt der Alpen&#8220; bezeichnet. Sie vereint eine mittelalterliche Altstadt mit Sehensw\u00fcrdigkeiten wie dem Goldenen Dachl und der Kaiserlichen Hofburg mit modernem Stadtleben und ist zudem von den bis zu 2.334 m hohen Gipfeln der Nordkette umgeben. Direkt an der Stadtgrenze bietet Innsbruck zudem viele M\u00f6glichkeiten f\u00fcr alpinen Outdoorsport: Mit der Nordkettenbahn geht es in wenigen Minuten auf \u00fcber 2.000 m zu den Wanderwegen im Olympia-Skigebiet. Gleichzeitig laden in der Altstadt traditionelle Wirtsh\u00e4user und moderne Gesch\u00e4fte zum Verweilen ein. Ein Muss f\u00fcr Besucher ist der Blick von der Skisprungschanze am Bergisel auf die Stadt und die umliegende Bergwelt.<\/p>\n<h3 data-start=\"5724\" data-end=\"6230\">Salzburg<\/h3>\n<ul>\n<li data-start=\"5140\" data-end=\"5720\"><strong>Einwohner:<\/strong> 157.659<\/li>\n<li data-start=\"5140\" data-end=\"5720\"><strong>Highlights:<\/strong> Festung Hohensalzburg, Salzachufer-Promenade und Mozart-Geburtshaus<\/li>\n<\/ul>\n<p data-start=\"5724\" data-end=\"6230\">Die an der n\u00f6rdlichen Alpengrenze gelegene Mozartstadt bezaubert mit ihrem barocken Glanz vor einem sagenhaften Alpenpanorama. \u00dcber der Salzburger Altstadt thront die Festung Hohensalzburg, die mit ihren verwinkelten Gassen, Pl\u00e4tzen und der Promenade am Salzachufer zum UNESCO-Welterbe z\u00e4hlt. Das kulturelle Erbe der 157.000-Einwohner-Stadt ist riesig und reicht von Mozarts Geburtshaus bis zu den im Sommer stattfindenden Salzburger Festspielen. In der Umgebung laden zudem Seen und Gipfel wie der 1.972 m hohe Untersberg zum Erkunden ein.<\/p>\n<h3 data-start=\"6234\" data-end=\"6760\">Bregenz<\/h3>\n<ul>\n<li data-start=\"5140\" data-end=\"5720\"><strong>Einwohner:<\/strong> 29.476<\/li>\n<li data-start=\"5140\" data-end=\"5720\"><strong>Highlights:<\/strong> Bodensee, Martinsturm und Bregenzer Festspiele<\/li>\n<\/ul>\n<div class=\"tt-post-image-wrapper tt-post-image-wrapper-full\">\n            <div class=\"tt-image-copyright-container\">\n                <a href=\"https:\/\/www.holidaytrex.com\/magazine.p25000.de\/files\/2026\/03\/RS28579_shutterstock_542917252-scr.jpg\" target=\"_blank\" rel=\"noopener\"><img loading=\"lazy\" decoding=\"async\" data-wrapped=\"true\" class=\"wp-image-1239 size-Artikelbild_gro\u00df\" title=\"Egal, wo sich die Besucher in Bregenz befinden: Der Bodensee ger\u00e4t dabei nie wirklich aus dem Blick.\" src=\"https:\/\/www.holidaytrex.com\/magazine.p25000.de\/files\/2026\/03\/RS28579_shutterstock_542917252-scr-729x486.jpg\" alt=\"Egal, wo sich die Besucher in Bregenz befinden: Der Bodensee ger\u00e4t dabei nie wirklich aus dem Blick.\" width=\"729\" height=\"486\" srcset=\"https:\/\/www.holidaytrex.com\/magazine.p25000.de\/files\/2026\/03\/RS28579_shutterstock_542917252-scr-729x486.jpg 729w, https:\/\/www.holidaytrex.com\/magazine.p25000.de\/files\/2026\/03\/RS28579_shutterstock_542917252-scr-290x193.jpg 290w, https:\/\/www.holidaytrex.com\/magazine.p25000.de\/files\/2026\/03\/RS28579_shutterstock_542917252-scr-728x485.jpg 728w, https:\/\/www.holidaytrex.com\/magazine.p25000.de\/files\/2026\/03\/RS28579_shutterstock_542917252-scr-768x512.jpg 768w, https:\/\/www.holidaytrex.com\/magazine.p25000.de\/files\/2026\/03\/RS28579_shutterstock_542917252-scr-468x312.jpg 468w, https:\/\/www.holidaytrex.com\/magazine.p25000.de\/files\/2026\/03\/RS28579_shutterstock_542917252-scr-300x200.jpg 300w, https:\/\/www.holidaytrex.com\/magazine.p25000.de\/files\/2026\/03\/RS28579_shutterstock_542917252-scr-999x666.jpg 999w, https:\/\/www.holidaytrex.com\/magazine.p25000.de\/files\/2026\/03\/RS28579_shutterstock_542917252-scr-645x430.jpg 645w, https:\/\/www.holidaytrex.com\/magazine.p25000.de\/files\/2026\/03\/RS28579_shutterstock_542917252-scr-552x368.jpg 552w, https:\/\/www.holidaytrex.com\/magazine.p25000.de\/files\/2026\/03\/RS28579_shutterstock_542917252-scr-405x270.jpg 405w, https:\/\/www.holidaytrex.com\/magazine.p25000.de\/files\/2026\/03\/RS28579_shutterstock_542917252-scr-336x224.jpg 336w, https:\/\/www.holidaytrex.com\/magazine.p25000.de\/files\/2026\/03\/RS28579_shutterstock_542917252-scr-276x184.jpg 276w, https:\/\/www.holidaytrex.com\/magazine.p25000.de\/files\/2026\/03\/RS28579_shutterstock_542917252-scr-234x156.jpg 234w, https:\/\/www.holidaytrex.com\/magazine.p25000.de\/files\/2026\/03\/RS28579_shutterstock_542917252-scr-192x128.jpg 192w, https:\/\/www.holidaytrex.com\/magazine.p25000.de\/files\/2026\/03\/RS28579_shutterstock_542917252-scr-120x80.jpg 120w, https:\/\/www.holidaytrex.com\/magazine.p25000.de\/files\/2026\/03\/RS28579_shutterstock_542917252-scr.jpg 1440w\" sizes=\"(min-width: 1009px) 729px, (min-width: 819px) 594px, (min-width: 569px) 729px, (min-width: 449px) 468px, 348px\" \/><\/a><div class=\"tt-image-copyright\" data-image-id=\"1239\">\u00a9 trabantos\/shutterstock.de<\/div>\n            <\/div>\n            <div class=\"tt-post-caption\">Egal, wo sich die Besucher in Bregenz befinden: Der Bodensee ger\u00e4t dabei nie wirklich aus dem Blick.<\/div>\n         <\/div > \n<p data-start=\"6234\" data-end=\"6760\">Bregenz liegt am Ostufer des Bodensees, dem mit 536 Quadratkilometern drittgr\u00f6\u00dften See Europas. Die Stadt punktet haupts\u00e4chlich mit ihrer entsprechenden Kulisse. Die historische Oberstadt mit dem Martinsturm zeugt von der langen Geschichte der Hauptstadt Vorarlbergs, w\u00e4hrend im Kunsthaus Bregenz moderne Kunst pr\u00e4sentiert wird. International bekannt ist Bregenz aber vor allem f\u00fcr seine Festspiele, die im Juli und August stattfinden. Auf der spektakul\u00e4ren Seeb\u00fchne im Bodensee werden dabei Opern aufgef\u00fchrt. Wer eher raus aus der Stadt m\u00f6chte, kann mit der Pf\u00e4nderbahn aus dem Zentrum auf den 1.064 m hohen Pf\u00e4nder gondeln. Oben auf dem Hausberg warten ein Alpenwildpark und ein Panoramarestaurant mit leckeren Schnitzeln und Ausblicken auf den ganzen See.<\/p>\n<p data-start=\"6234\" data-end=\"6760\"><em data-renderer-mark=\"true\">\u2192 Alpen-Auszeit planen und die besten <a href=\"https:\/\/www.holidaytrex.com\/search-book.p6.de.html?destinationId=29&amp;destinationUuId=4028815c708218f501708ae24aee2d17\" target=\"_blank\" rel=\"noopener\">\u00d6sterreich-Angebote<\/a> bei HolidayTrex finden<\/em><\/p>\n<h2 data-start=\"7872\" data-end=\"7897\" id=\"alpenst\u00e4dte-in-der-schweiz\">Alpenst\u00e4dte in der Schweiz<\/h2>\n<h3 data-start=\"7901\" data-end=\"8519\">Luzern<\/h3>\n<ul>\n<li data-start=\"5140\" data-end=\"5720\"><strong>Einwohner:<\/strong> 86.234<\/li>\n<li data-start=\"5140\" data-end=\"5720\"><strong>Highlights:<\/strong> Vierwaldst\u00e4ttersee, Kapellbr\u00fccke und Pilatusbahn<\/li>\n<\/ul>\n<div class=\"tt-post-image-wrapper tt-post-image-wrapper-full\">\n            <div class=\"tt-image-copyright-container\">\n                <a href=\"https:\/\/www.holidaytrex.com\/magazine.p25000.de\/files\/2025\/07\/RS27948_shutterstock_2350058017-scr.jpg\" target=\"_blank\" rel=\"noopener\"><img loading=\"lazy\" decoding=\"async\" data-wrapped=\"true\" class=\"wp-image-249 size-Artikelbild_gro\u00df\" title=\"Die h\u00f6lzerne Kapellbr\u00fccke aus dem 14. Jahrhundert ist ein ebenso charakteristisches Wahrzeichen Luzerns wie der Vierwaldst\u00e4ttersee, \u00fcber den sie f\u00fchrt.\" src=\"https:\/\/www.holidaytrex.com\/magazine.p25000.de\/files\/2025\/07\/RS27948_shutterstock_2350058017-scr-729x486.jpg\" alt=\"Die h\u00f6lzerne Kapellbr\u00fccke aus dem 14. Jahrhundert ist ein ebenso charakteristisches Wahrzeichen Luzerns wie der Vierwaldst\u00e4ttersee, \u00fcber den sie f\u00fchrt.\" width=\"729\" height=\"486\" srcset=\"https:\/\/www.holidaytrex.com\/magazine.p25000.de\/files\/2025\/07\/RS27948_shutterstock_2350058017-scr-729x486.jpg 729w, https:\/\/www.holidaytrex.com\/magazine.p25000.de\/files\/2025\/07\/RS27948_shutterstock_2350058017-scr-290x193.jpg 290w, https:\/\/www.holidaytrex.com\/magazine.p25000.de\/files\/2025\/07\/RS27948_shutterstock_2350058017-scr-728x485.jpg 728w, https:\/\/www.holidaytrex.com\/magazine.p25000.de\/files\/2025\/07\/RS27948_shutterstock_2350058017-scr-768x512.jpg 768w, https:\/\/www.holidaytrex.com\/magazine.p25000.de\/files\/2025\/07\/RS27948_shutterstock_2350058017-scr-468x312.jpg 468w, https:\/\/www.holidaytrex.com\/magazine.p25000.de\/files\/2025\/07\/RS27948_shutterstock_2350058017-scr-300x200.jpg 300w, https:\/\/www.holidaytrex.com\/magazine.p25000.de\/files\/2025\/07\/RS27948_shutterstock_2350058017-scr-999x666.jpg 999w, https:\/\/www.holidaytrex.com\/magazine.p25000.de\/files\/2025\/07\/RS27948_shutterstock_2350058017-scr-645x430.jpg 645w, https:\/\/www.holidaytrex.com\/magazine.p25000.de\/files\/2025\/07\/RS27948_shutterstock_2350058017-scr-552x368.jpg 552w, https:\/\/www.holidaytrex.com\/magazine.p25000.de\/files\/2025\/07\/RS27948_shutterstock_2350058017-scr-405x270.jpg 405w, https:\/\/www.holidaytrex.com\/magazine.p25000.de\/files\/2025\/07\/RS27948_shutterstock_2350058017-scr-336x224.jpg 336w, https:\/\/www.holidaytrex.com\/magazine.p25000.de\/files\/2025\/07\/RS27948_shutterstock_2350058017-scr-276x184.jpg 276w, https:\/\/www.holidaytrex.com\/magazine.p25000.de\/files\/2025\/07\/RS27948_shutterstock_2350058017-scr-234x156.jpg 234w, https:\/\/www.holidaytrex.com\/magazine.p25000.de\/files\/2025\/07\/RS27948_shutterstock_2350058017-scr-192x128.jpg 192w, https:\/\/www.holidaytrex.com\/magazine.p25000.de\/files\/2025\/07\/RS27948_shutterstock_2350058017-scr-120x80.jpg 120w, https:\/\/www.holidaytrex.com\/magazine.p25000.de\/files\/2025\/07\/RS27948_shutterstock_2350058017-scr.jpg 1440w\" sizes=\"(min-width: 1009px) 729px, (min-width: 819px) 594px, (min-width: 569px) 729px, (min-width: 449px) 468px, 348px\" \/><\/a><div class=\"tt-image-copyright\" data-image-id=\"249\">\u00a9 saiko3p\/shutterstock.de<\/div>\n            <\/div>\n            <div class=\"tt-post-caption\">Die h\u00f6lzerne Kapellbr\u00fccke aus dem 14. Jahrhundert ist ein ebenso charakteristisches Wahrzeichen Luzerns wie der Vierwaldst\u00e4ttersee, \u00fcber den sie f\u00fchrt.<\/div>\n         <\/div > \n<p data-start=\"7901\" data-end=\"8519\">Malerisch am <a href=\"https:\/\/www.holidaytrex.com\/magazine.p25000.de\/top-10\/most-beautiful-lakes-switzerland\/#vierwaldst%C3%A4ttersee---der-fjord-im-herzen-der-alpen\" target=\"_blank\" rel=\"noopener\">Vierwaldst\u00e4ttersee<\/a> gelegen und von den Bergen Pilatus und Rigi (1.797 m) umgeben, gilt Luzern als Inbegriff der Schweizer Postkartenidylle. Wenn Besucher \u00fcber die weltber\u00fchmte Kapellbr\u00fccke flanieren, die als gedeckte Holzbr\u00fccke aus dem 14. Jahrhundert die Ufer der Reuss verbindet, stehen sie auf dem Wahrzeichen der Stadt. Nur wenige Gehminuten entfernt bezaubert die Altstadt von Luzern mit ihren bunt bemalten Fassaden und historischen Pl\u00e4tzen. Weitere kulturelle H\u00f6hepunkte sind das Verkehrshaus der Schweiz und das j\u00e4hrlich stattfindende Lucerne Festival f\u00fcr klassische Musik. Von hier aus gelangt man auch schnell und einfach auf alpine Gipfel. Zum Beispiel mit der steilen Zahnradbahn auf den 2.128 m hohen Pilatus.<\/p>\n<h3 data-start=\"8523\" data-end=\"9126\">Chur<\/h3>\n<ul>\n<li data-start=\"5140\" data-end=\"5720\"><strong>Einwohner:<\/strong> 39.486<\/li>\n<li data-start=\"5140\" data-end=\"5720\"><strong>Highlights:<\/strong> Kathedrale St. Mari\u00e4 Himmelfahrt, Zunfth\u00e4user und Glacier Express<\/li>\n<\/ul>\n<div class=\"tt-post-image-wrapper tt-post-image-wrapper-full\">\n            <div class=\"tt-image-copyright-container\">\n                <a href=\"https:\/\/www.holidaytrex.com\/magazine.p25000.de\/files\/2026\/03\/RS28570_shutterstock_2499122439-scr.jpg\" target=\"_blank\" rel=\"noopener\"><img loading=\"lazy\" decoding=\"async\" data-wrapped=\"true\" class=\"wp-image-1240 size-Artikelbild_gro\u00df\" title=\"Chur wurde erstmals im Jahr 280 n. Chr. urkundlich erw\u00e4hnt und ist somit die \u00e4lteste nachweislich bestehende Stadt der Schweiz.\" src=\"https:\/\/www.holidaytrex.com\/magazine.p25000.de\/files\/2026\/03\/RS28570_shutterstock_2499122439-scr-729x486.jpg\" alt=\"Chur wurde erstmals im Jahr 280 n. Chr. urkundlich erw\u00e4hnt und ist somit die \u00e4lteste nachweislich bestehende Stadt der Schweiz.\" width=\"729\" height=\"486\" srcset=\"https:\/\/www.holidaytrex.com\/magazine.p25000.de\/files\/2026\/03\/RS28570_shutterstock_2499122439-scr-729x486.jpg 729w, https:\/\/www.holidaytrex.com\/magazine.p25000.de\/files\/2026\/03\/RS28570_shutterstock_2499122439-scr-468x312.jpg 468w, https:\/\/www.holidaytrex.com\/magazine.p25000.de\/files\/2026\/03\/RS28570_shutterstock_2499122439-scr-300x200.jpg 300w, https:\/\/www.holidaytrex.com\/magazine.p25000.de\/files\/2026\/03\/RS28570_shutterstock_2499122439-scr-999x666.jpg 999w, https:\/\/www.holidaytrex.com\/magazine.p25000.de\/files\/2026\/03\/RS28570_shutterstock_2499122439-scr-645x430.jpg 645w, https:\/\/www.holidaytrex.com\/magazine.p25000.de\/files\/2026\/03\/RS28570_shutterstock_2499122439-scr-552x368.jpg 552w, https:\/\/www.holidaytrex.com\/magazine.p25000.de\/files\/2026\/03\/RS28570_shutterstock_2499122439-scr-405x270.jpg 405w, https:\/\/www.holidaytrex.com\/magazine.p25000.de\/files\/2026\/03\/RS28570_shutterstock_2499122439-scr-336x224.jpg 336w, https:\/\/www.holidaytrex.com\/magazine.p25000.de\/files\/2026\/03\/RS28570_shutterstock_2499122439-scr-276x184.jpg 276w, https:\/\/www.holidaytrex.com\/magazine.p25000.de\/files\/2026\/03\/RS28570_shutterstock_2499122439-scr-234x156.jpg 234w, https:\/\/www.holidaytrex.com\/magazine.p25000.de\/files\/2026\/03\/RS28570_shutterstock_2499122439-scr-192x128.jpg 192w, https:\/\/www.holidaytrex.com\/magazine.p25000.de\/files\/2026\/03\/RS28570_shutterstock_2499122439-scr-120x80.jpg 120w\" sizes=\"(min-width: 1009px) 729px, (min-width: 819px) 594px, (min-width: 569px) 729px, (min-width: 449px) 468px, 348px\" \/><\/a><div class=\"tt-image-copyright\" data-image-id=\"1240\">\u00a9 AsiaTravel\/shutterstock.de<\/div>\n            <\/div>\n            <div class=\"tt-post-caption\">Chur wurde erstmals im Jahr 280 n. Chr. urkundlich erw\u00e4hnt und ist somit die \u00e4lteste nachweislich bestehende Stadt der Schweiz.<\/div>\n         <\/div > \n<p data-start=\"8523\" data-end=\"9126\">Chur gilt als die \u00e4lteste Stadt der Schweiz. Arch\u00e4ologische Funde belegen eine kontinuierliche Besiedlung seit der R\u00f6merzeit und die Stadt wurde im Jahr 280 n. Chr. erstmals urkundlich erw\u00e4hnt. Die Hauptstadt des Kantons Graub\u00fcnden liegt heute direkt am Eingang mehrerer bei Tagesg\u00e4sten und Aktivurlaubern sehr beliebter Alpent\u00e4ler. Die komplett autofreie Altstadt gl\u00e4nzt mit verwinkelten Gassen, historischen Zunfth\u00e4usern und der Kathedrale St. Mari\u00e4 Himmelfahrt. Chur ist au\u00dferdem ein wichtiger Verkehrsknotenpunkt im Osten der Schweiz, denn hier f\u00e4hrt ganzj\u00e4hrig der Glacier Express, auch &#8222;langsamster Schnellzug der Welt&#8220;, auf der weltber\u00fchmten Panoramastrecke nach Zermatt oder St. Moritz. In der Umgebung von Chur warten f\u00fcr Outdoor-Freunde noch idyllische Weinberge mit gut ausgebauten Wanderwegen. Kulturbegeisterte k\u00f6nnen sich gleichzeitig an Museen, Galerien und Veranstaltungen erfreuen, wodurch sich das Naturerlebnis perfekt mit dem st\u00e4dtischen Leben verbinden l\u00e4sst.<\/p>\n<h3 data-start=\"10407\" data-end=\"11153\">Interlaken<\/h3>\n<ul>\n<li data-start=\"5140\" data-end=\"5720\"><strong>Einwohner:<\/strong> 6.123<\/li>\n<li data-start=\"5140\" data-end=\"5720\"><strong>Highlights:<\/strong> Thuner-\/Brienzersee, Giessbachf\u00e4lle und Schloss Interlaken<\/li>\n<\/ul>\n<div class=\"tt-post-image-wrapper tt-post-image-wrapper-full\">\n            <div class=\"tt-image-copyright-container\">\n                <a href=\"https:\/\/www.holidaytrex.com\/magazine.p25000.de\/files\/2026\/03\/RS28578_shutterstock_2697742331-scr.jpg\" target=\"_blank\" rel=\"noopener\"><img loading=\"lazy\" decoding=\"async\" data-wrapped=\"true\" class=\"wp-image-1241 size-Artikelbild_gro\u00df\" title=\"Interlaken ist mittlerweile als &quot;Abenteuerstadt der Schweiz&quot; bekannt geworden, auch wegen seiner traumhaften Uferlage.\" src=\"https:\/\/www.holidaytrex.com\/magazine.p25000.de\/files\/2026\/03\/RS28578_shutterstock_2697742331-scr-729x486.jpg\" alt=\"Interlaken ist mittlerweile als &quot;Abenteuerstadt der Schweiz&quot; bekannt geworden, auch wegen seiner traumhaften Uferlage.\" width=\"729\" height=\"486\" srcset=\"https:\/\/www.holidaytrex.com\/magazine.p25000.de\/files\/2026\/03\/RS28578_shutterstock_2697742331-scr-729x486.jpg 729w, https:\/\/www.holidaytrex.com\/magazine.p25000.de\/files\/2026\/03\/RS28578_shutterstock_2697742331-scr-290x193.jpg 290w, https:\/\/www.holidaytrex.com\/magazine.p25000.de\/files\/2026\/03\/RS28578_shutterstock_2697742331-scr-728x485.jpg 728w, https:\/\/www.holidaytrex.com\/magazine.p25000.de\/files\/2026\/03\/RS28578_shutterstock_2697742331-scr-768x512.jpg 768w, https:\/\/www.holidaytrex.com\/magazine.p25000.de\/files\/2026\/03\/RS28578_shutterstock_2697742331-scr-468x312.jpg 468w, https:\/\/www.holidaytrex.com\/magazine.p25000.de\/files\/2026\/03\/RS28578_shutterstock_2697742331-scr-300x200.jpg 300w, https:\/\/www.holidaytrex.com\/magazine.p25000.de\/files\/2026\/03\/RS28578_shutterstock_2697742331-scr-999x666.jpg 999w, https:\/\/www.holidaytrex.com\/magazine.p25000.de\/files\/2026\/03\/RS28578_shutterstock_2697742331-scr-645x430.jpg 645w, https:\/\/www.holidaytrex.com\/magazine.p25000.de\/files\/2026\/03\/RS28578_shutterstock_2697742331-scr-552x368.jpg 552w, https:\/\/www.holidaytrex.com\/magazine.p25000.de\/files\/2026\/03\/RS28578_shutterstock_2697742331-scr-405x270.jpg 405w, https:\/\/www.holidaytrex.com\/magazine.p25000.de\/files\/2026\/03\/RS28578_shutterstock_2697742331-scr-336x224.jpg 336w, https:\/\/www.holidaytrex.com\/magazine.p25000.de\/files\/2026\/03\/RS28578_shutterstock_2697742331-scr-276x184.jpg 276w, https:\/\/www.holidaytrex.com\/magazine.p25000.de\/files\/2026\/03\/RS28578_shutterstock_2697742331-scr-234x156.jpg 234w, https:\/\/www.holidaytrex.com\/magazine.p25000.de\/files\/2026\/03\/RS28578_shutterstock_2697742331-scr-192x128.jpg 192w, https:\/\/www.holidaytrex.com\/magazine.p25000.de\/files\/2026\/03\/RS28578_shutterstock_2697742331-scr-120x80.jpg 120w, https:\/\/www.holidaytrex.com\/magazine.p25000.de\/files\/2026\/03\/RS28578_shutterstock_2697742331-scr.jpg 1440w\" sizes=\"(min-width: 1009px) 729px, (min-width: 819px) 594px, (min-width: 569px) 729px, (min-width: 449px) 468px, 348px\" \/><\/a><div class=\"tt-image-copyright\" data-image-id=\"1241\">\u00a9 f11photo\/shutterstock.de<\/div>\n            <\/div>\n            <div class=\"tt-post-caption\">Interlaken ist mittlerweile als &#8222;Abenteuerstadt der Schweiz&#8220; bekannt geworden, auch wegen seiner traumhaften Uferlage.<\/div>\n         <\/div > \n<p data-start=\"10407\" data-end=\"11153\">Die als &#8222;Abenteuerstadt der Schweiz&#8220; bekannte Alpenstadt Interlaken liegt im Kanton Bern, malerisch zwischen dem Thunersee und dem Brienzersee. Von den Uferpromenaden aus ist auf jeden Fall das weltber\u00fchmte Panorama mit dem Dreigestirn aus Eiger (3.967 m), M\u00f6nch (4.107 m) und Jungfrau (4.158 m) zu sehen. Schon im 19. Jahrhundert zog Interlaken Besucher aus aller Welt an, die im Stadtzentrum Spuren in Form von eleganten Grandhotels und gepflegten Parks hinterlassen haben. Zudem laden das Schloss Interlaken, das Tourismusmuseum und die typisch schweizerische Gastronomie zum Entdecken ein. Sportlich wird es f\u00fcr Urlauber au\u00dferdem rund um die Stadt mit Aktivit\u00e4ten wie <a href=\"https:\/\/www.holidaytrex.com\/magazine.p25000.de\/activities-outdoor\/paragliding\/\" target=\"_blank\" rel=\"noopener\">Paragliding<\/a> vom Harder Kulm (1.321 m), <a href=\"https:\/\/www.holidaytrex.com\/magazine.p25000.de\/activities-outdoor\/rafting\/\" target=\"_blank\" rel=\"noopener\">Rafting<\/a> auf der L\u00fctschine oder Wanderungen in der Jungfrau-Region.<\/p>\n<p data-start=\"10407\" data-end=\"11153\"><em data-renderer-mark=\"true\">\u2192 Jetzt die besten <a href=\"https:\/\/www.holidaytrex.com\/search-book.p6.de.html?destinationId=30&amp;destinationUuId=4028815c918239400191a2b13afa3e47\" target=\"_blank\" rel=\"noopener\">Schweiz-Angebote<\/a> bei HolidayTrex finden<\/em><\/p>\n<h2 data-start=\"11155\" data-end=\"11179\" id=\"alpenst\u00e4dte-in-deutschland\">Alpenst\u00e4dte in Deutschland<\/h2>\n<h3 data-start=\"11183\" data-end=\"11951\">Garmisch-Partenkirchen<\/h3>\n<ul>\n<li data-start=\"5140\" data-end=\"5720\"><strong>Einwohner:<\/strong> 28.305<\/li>\n<li data-start=\"5140\" data-end=\"5720\"><strong>Highlights:<\/strong> Ludwigstra\u00dfe, Gro\u00dfe Olympiaschanze und Zugspitze<\/li>\n<\/ul>\n<div class=\"tt-post-image-wrapper tt-post-image-wrapper-full\">\n            <div class=\"tt-image-copyright-container\">\n                <a href=\"https:\/\/www.holidaytrex.com\/magazine.p25000.de\/files\/2026\/03\/RS28555_shutterstock_1896714754-scr.jpg\" target=\"_blank\" rel=\"noopener\"><img loading=\"lazy\" decoding=\"async\" data-wrapped=\"true\" class=\"wp-image-1242 size-Artikelbild_gro\u00df\" title=\"Das Neujahrsspringen der Vierschanzentournee findet jedes Jahr auf der Gro\u00dfen Olympiaschanze in Garmisch-Partenkirchen statt.\" src=\"https:\/\/www.holidaytrex.com\/magazine.p25000.de\/files\/2026\/03\/RS28555_shutterstock_1896714754-scr-729x486.jpg\" alt=\"Das Neujahrsspringen der Vierschanzentournee findet jedes Jahr auf der Gro\u00dfen Olympiaschanze in Garmisch-Partenkirchen statt.\" width=\"729\" height=\"486\" srcset=\"https:\/\/www.holidaytrex.com\/magazine.p25000.de\/files\/2026\/03\/RS28555_shutterstock_1896714754-scr-729x486.jpg 729w, https:\/\/www.holidaytrex.com\/magazine.p25000.de\/files\/2026\/03\/RS28555_shutterstock_1896714754-scr-468x312.jpg 468w, https:\/\/www.holidaytrex.com\/magazine.p25000.de\/files\/2026\/03\/RS28555_shutterstock_1896714754-scr-300x200.jpg 300w, https:\/\/www.holidaytrex.com\/magazine.p25000.de\/files\/2026\/03\/RS28555_shutterstock_1896714754-scr-999x666.jpg 999w, https:\/\/www.holidaytrex.com\/magazine.p25000.de\/files\/2026\/03\/RS28555_shutterstock_1896714754-scr-645x430.jpg 645w, https:\/\/www.holidaytrex.com\/magazine.p25000.de\/files\/2026\/03\/RS28555_shutterstock_1896714754-scr-552x368.jpg 552w, https:\/\/www.holidaytrex.com\/magazine.p25000.de\/files\/2026\/03\/RS28555_shutterstock_1896714754-scr-405x270.jpg 405w, https:\/\/www.holidaytrex.com\/magazine.p25000.de\/files\/2026\/03\/RS28555_shutterstock_1896714754-scr-336x224.jpg 336w, https:\/\/www.holidaytrex.com\/magazine.p25000.de\/files\/2026\/03\/RS28555_shutterstock_1896714754-scr-276x184.jpg 276w, https:\/\/www.holidaytrex.com\/magazine.p25000.de\/files\/2026\/03\/RS28555_shutterstock_1896714754-scr-234x156.jpg 234w, https:\/\/www.holidaytrex.com\/magazine.p25000.de\/files\/2026\/03\/RS28555_shutterstock_1896714754-scr-192x128.jpg 192w, https:\/\/www.holidaytrex.com\/magazine.p25000.de\/files\/2026\/03\/RS28555_shutterstock_1896714754-scr-120x80.jpg 120w\" sizes=\"(min-width: 1009px) 729px, (min-width: 819px) 594px, (min-width: 569px) 729px, (min-width: 449px) 468px, 348px\" \/><\/a><div class=\"tt-image-copyright\" data-image-id=\"1242\">\u00a9 geogif\/shutterstock.de<\/div>\n            <\/div>\n            <div class=\"tt-post-caption\">Das Neujahrsspringen der Vierschanzentournee findet jedes Jahr auf der Gro\u00dfen Olympiaschanze in Garmisch-Partenkirchen statt.<\/div>\n         <\/div > \n<p data-start=\"11183\" data-end=\"11951\"><a href=\"https:\/\/www.holidaytrex.com\/destination\/holidays\/de\/garmisch-partenkirchen\/4028815c9182394001919e40755216af.p2000.de.html\" target=\"_blank\" rel=\"noopener\">Garmisch-Partenkirchen<\/a> liegt am Fu\u00dfe der Zugspitze, dem mit 2.962 m h\u00f6chsten Berg Deutschlands, und verbindet eine traumhafte alpine Kulisse mit bayerischer Tradition. Besucher, die zum Flanieren hierherkommen, sind in Partenkirchen genau richtig, wo die historische Ludwigstra\u00dfe mit L\u00fcftlmalerei und gem\u00fctlichen Wirtsh\u00e4usern beeindruckt. Am Rande der Alpenstadt k\u00f6nnen Wanderungen durch die Partnachklamm oder auf den Wank (1.780 m) unternommen werden, w\u00e4hrend Kulturinteressierte das Werdenfelser Heimatmuseum besuchen oder im Sommer Open-Air-Konzerte im Kurpark mit Blick auf die Berge genie\u00dfen k\u00f6nnen. F\u00fcr Architektur- und Sportfans ist die Gro\u00dfe Olympiaschanze ein Muss. Auf ihr findet jedes Jahr am 1. Januar das Neujahrsspringen der Vierschanzentournee statt. Sie wurde im Jahr 2006 nach den Entw\u00fcrfen des Architekturb\u00fcros &#8222;terrain:loenhart&amp;mayr&#8220; umgebaut und thront silbern schimmernd \u00fcber dem Ort.<\/p>\n<h3 data-start=\"12644\" data-end=\"13337\">Berchtesgaden<\/h3>\n<ul>\n<li data-start=\"5140\" data-end=\"5720\"><strong>Einwohner:<\/strong> 7.697<\/li>\n<li data-start=\"5140\" data-end=\"5720\"><strong>Highlights:<\/strong> <a href=\"https:\/\/www.holidaytrex.com\/magazine.p25000.de\/top-10\/most-beautiful-lakes-germany\/#6-k%C3%B6nigssee---fjord-erlebnis-im-berchtesgadener-land\" target=\"_blank\" rel=\"noopener\">K\u00f6nigssee<\/a>, Wallfahrtskirche St. Bartholom\u00e4 und K\u00f6nigliches Schloss Berchtesgaden<\/li>\n<\/ul>\n<div class=\"tt-post-image-wrapper tt-post-image-wrapper-full\">\n            <div class=\"tt-image-copyright-container\">\n                <a href=\"https:\/\/www.holidaytrex.com\/magazine.p25000.de\/files\/2025\/07\/RS27987_shutterstock_2471782241-scr.jpg\" target=\"_blank\" rel=\"noopener\"><img loading=\"lazy\" decoding=\"async\" data-wrapped=\"true\" class=\"wp-image-402 size-Artikelbild_gro\u00df\" title=\"Ein Besuch in Berchtesgaden ist nicht komplett ohne eine gem\u00fctliche Schifffahrt \u00fcber den malerischen K\u00f6nigssee.\" src=\"https:\/\/www.holidaytrex.com\/magazine.p25000.de\/files\/2025\/07\/RS27987_shutterstock_2471782241-scr-729x486.jpg\" alt=\"Ein Besuch in Berchtesgaden ist nicht komplett ohne eine gem\u00fctliche Schifffahrt \u00fcber den malerischen K\u00f6nigssee.\" width=\"729\" height=\"486\" srcset=\"https:\/\/www.holidaytrex.com\/magazine.p25000.de\/files\/2025\/07\/RS27987_shutterstock_2471782241-scr-729x486.jpg 729w, https:\/\/www.holidaytrex.com\/magazine.p25000.de\/files\/2025\/07\/RS27987_shutterstock_2471782241-scr-290x193.jpg 290w, https:\/\/www.holidaytrex.com\/magazine.p25000.de\/files\/2025\/07\/RS27987_shutterstock_2471782241-scr-728x485.jpg 728w, https:\/\/www.holidaytrex.com\/magazine.p25000.de\/files\/2025\/07\/RS27987_shutterstock_2471782241-scr-768x512.jpg 768w, https:\/\/www.holidaytrex.com\/magazine.p25000.de\/files\/2025\/07\/RS27987_shutterstock_2471782241-scr-468x312.jpg 468w, https:\/\/www.holidaytrex.com\/magazine.p25000.de\/files\/2025\/07\/RS27987_shutterstock_2471782241-scr-300x200.jpg 300w, https:\/\/www.holidaytrex.com\/magazine.p25000.de\/files\/2025\/07\/RS27987_shutterstock_2471782241-scr-999x666.jpg 999w, https:\/\/www.holidaytrex.com\/magazine.p25000.de\/files\/2025\/07\/RS27987_shutterstock_2471782241-scr-645x430.jpg 645w, https:\/\/www.holidaytrex.com\/magazine.p25000.de\/files\/2025\/07\/RS27987_shutterstock_2471782241-scr-552x368.jpg 552w, https:\/\/www.holidaytrex.com\/magazine.p25000.de\/files\/2025\/07\/RS27987_shutterstock_2471782241-scr-405x270.jpg 405w, https:\/\/www.holidaytrex.com\/magazine.p25000.de\/files\/2025\/07\/RS27987_shutterstock_2471782241-scr-336x224.jpg 336w, https:\/\/www.holidaytrex.com\/magazine.p25000.de\/files\/2025\/07\/RS27987_shutterstock_2471782241-scr-276x184.jpg 276w, https:\/\/www.holidaytrex.com\/magazine.p25000.de\/files\/2025\/07\/RS27987_shutterstock_2471782241-scr-234x156.jpg 234w, https:\/\/www.holidaytrex.com\/magazine.p25000.de\/files\/2025\/07\/RS27987_shutterstock_2471782241-scr-192x128.jpg 192w, https:\/\/www.holidaytrex.com\/magazine.p25000.de\/files\/2025\/07\/RS27987_shutterstock_2471782241-scr-120x80.jpg 120w, https:\/\/www.holidaytrex.com\/magazine.p25000.de\/files\/2025\/07\/RS27987_shutterstock_2471782241-scr.jpg 1440w\" sizes=\"(min-width: 1009px) 729px, (min-width: 819px) 594px, (min-width: 569px) 729px, (min-width: 449px) 468px, 348px\" \/><\/a><div class=\"tt-image-copyright\" data-image-id=\"402\">\u00a9 Mabeline72\/shutterstock.de<\/div>\n            <\/div>\n            <div class=\"tt-post-caption\">Ein Besuch in Berchtesgaden ist nicht komplett ohne eine gem\u00fctliche Schifffahrt \u00fcber den malerischen K\u00f6nigssee.<\/div>\n         <\/div > \n<p data-start=\"12644\" data-end=\"13337\">Die Marktgemeinde <a href=\"https:\/\/www.holidaytrex.com\/destination\/holidays\/de\/berchtesgaden\/4028819a662019d90167123f04f667a7.p2000.de.html\" target=\"_blank\" rel=\"noopener\">Berchtesgaden<\/a> liegt im Herzen vom <a href=\"https:\/\/www.holidaytrex.com\/magazine.p25000.de\/destinations\/national-parks-germany\/#5-nationalpark-berchtesgaden\" target=\"_blank\" rel=\"noopener\">Nationalpark Berchtesgaden<\/a> im \u00e4u\u00dfersten S\u00fcdosten Bayerns. Dort erwartet Besucher eine Alpenatmosph\u00e4re aus dem Bilderbuch. W\u00e4hrend auf der einen Seite der Watzmann mit seinem markanten Felsgipfel (2.713 m) in Sichtweite ist, geht es auf der anderen Seite bis ans Ufer des wundersch\u00f6nen K\u00f6nigssees. Nur wenige Gehminuten entfernt liegt das pittoreske Zentrum von Berchtesgaden, das seit mehr als 100 Jahren von historischen Bauwerken wie der F\u00fcrstprobstei und dem k\u00f6niglichen Schloss gepr\u00e4gt ist. Ein besonderes Highlight f\u00fcr alle G\u00e4ste ist eine gem\u00fctliche Bootsfahrt \u00fcber das smaragdgr\u00fcne Wasser des Sees. Ein obligatorischer Stopp muss an der Wallfahrtskirche St. Bartholom\u00e4 eingelegt werden. Zudem ist Berchtesgaden f\u00fcr sein Salzbergwerk bekannt, in dem bei Stollenf\u00fchrungen die Geschichte der Anlage hautnah erlebbar wird.<\/p>\n<h3 data-start=\"14044\" data-end=\"14799\">Bad Reichenhall<\/h3>\n<ul>\n<li data-start=\"5140\" data-end=\"5720\"><strong>Einwohner:<\/strong> 18.288<\/li>\n<li data-start=\"5140\" data-end=\"5720\"><strong>Highlights:<\/strong> Solequellen, K\u00f6niglicher Kurgarten und Philharmonie<\/li>\n<\/ul>\n<div class=\"tt-post-image-wrapper tt-post-image-wrapper-full\">\n            <div class=\"tt-image-copyright-container\">\n                <a href=\"https:\/\/www.holidaytrex.com\/magazine.p25000.de\/files\/2026\/03\/RS28554_shutterstock_1843926001-scr.jpg\" target=\"_blank\" rel=\"noopener\"><img loading=\"lazy\" decoding=\"async\" data-wrapped=\"true\" class=\"wp-image-1243 size-Artikelbild_gro\u00df\" title=\"Bad Reichenhall zog in der Vergangenheit nicht nur die adeligen Herrscher des Freistaats Bayern an, sondern ab dem 19. Jahrhundert auch erstmals &quot;Touristen&quot;.\" src=\"https:\/\/www.holidaytrex.com\/magazine.p25000.de\/files\/2026\/03\/RS28554_shutterstock_1843926001-scr-729x486.jpg\" alt=\"Bad Reichenhall zog in der Vergangenheit nicht nur die adeligen Herrscher des Freistaats Bayern an, sondern ab dem 19. Jahrhundert auch erstmals &quot;Touristen&quot;.\" width=\"729\" height=\"486\" srcset=\"https:\/\/www.holidaytrex.com\/magazine.p25000.de\/files\/2026\/03\/RS28554_shutterstock_1843926001-scr-729x486.jpg 729w, https:\/\/www.holidaytrex.com\/magazine.p25000.de\/files\/2026\/03\/RS28554_shutterstock_1843926001-scr-468x312.jpg 468w, https:\/\/www.holidaytrex.com\/magazine.p25000.de\/files\/2026\/03\/RS28554_shutterstock_1843926001-scr-300x200.jpg 300w, https:\/\/www.holidaytrex.com\/magazine.p25000.de\/files\/2026\/03\/RS28554_shutterstock_1843926001-scr-999x666.jpg 999w, https:\/\/www.holidaytrex.com\/magazine.p25000.de\/files\/2026\/03\/RS28554_shutterstock_1843926001-scr-645x430.jpg 645w, https:\/\/www.holidaytrex.com\/magazine.p25000.de\/files\/2026\/03\/RS28554_shutterstock_1843926001-scr-552x368.jpg 552w, https:\/\/www.holidaytrex.com\/magazine.p25000.de\/files\/2026\/03\/RS28554_shutterstock_1843926001-scr-405x270.jpg 405w, https:\/\/www.holidaytrex.com\/magazine.p25000.de\/files\/2026\/03\/RS28554_shutterstock_1843926001-scr-336x224.jpg 336w, https:\/\/www.holidaytrex.com\/magazine.p25000.de\/files\/2026\/03\/RS28554_shutterstock_1843926001-scr-276x184.jpg 276w, https:\/\/www.holidaytrex.com\/magazine.p25000.de\/files\/2026\/03\/RS28554_shutterstock_1843926001-scr-234x156.jpg 234w, https:\/\/www.holidaytrex.com\/magazine.p25000.de\/files\/2026\/03\/RS28554_shutterstock_1843926001-scr-192x128.jpg 192w, https:\/\/www.holidaytrex.com\/magazine.p25000.de\/files\/2026\/03\/RS28554_shutterstock_1843926001-scr-120x80.jpg 120w\" sizes=\"(min-width: 1009px) 729px, (min-width: 819px) 594px, (min-width: 569px) 729px, (min-width: 449px) 468px, 348px\" \/><\/a><div class=\"tt-image-copyright\" data-image-id=\"1243\">\u00a9 FooTToo\/shutterstock.de<\/div>\n            <\/div>\n            <div class=\"tt-post-caption\">Bad Reichenhall zog in der Vergangenheit nicht nur die adeligen Herrscher des Freistaats Bayern an, sondern ab dem 19. Jahrhundert auch erstmals &#8222;Touristen&#8220;.<\/div>\n         <\/div > \n<p data-start=\"14044\" data-end=\"14799\">Schon die adeligen Herrscher des heutigen Freistaats lie\u00dfen sich einen Besuch in der Kurstadt Bad Reichenhall im Berchtesgadener Land nicht entgehen. Im Schatten der Alpengipfel m\u00fcssen in der Stadt auf jeden Fall die weltber\u00fchmten Solequellen erkundet werden. Nicht weniger beeindruckend ist au\u00dferdem das Gradierhaus im K\u00f6niglichen Kurgarten, das bereits im 19. Jahrhundert die ersten &#8222;Touristen&#8220; anzog. Bis heute ist das Stadtbild von eleganter Architektur im Stil der Belle \u00c9poque gepr\u00e4gt. \u00dcber der Stadt ragt der 1.613 m hohe Predigtstuhl auf, der mit einer historischen Seilbahn erreichbar ist. Kulturinteressierte k\u00f6nnen sich in Bad Reichenhall auf die Philharmonie mit einem vielf\u00e4ltigen Veranstaltungsangebot freuen, w\u00e4hrend Naturfreunde Wanderungen im Lattengebirge oder Ausfl\u00fcge zum nahegelegenen Thumsee genie\u00dfen k\u00f6nnen.<\/p>\n<p data-start=\"14044\" data-end=\"14799\"><em data-renderer-mark=\"true\">\u2192 Alpen-Auszeit planen und die besten <a href=\"https:\/\/www.holidaytrex.com\/search-book.p6.de.html?destinationId=2524&amp;destinationUuId=4028819a662019d90167122baa19513b\" target=\"_blank\" rel=\"noopener\">Deutschland-Angebote<\/a> bei HolidayTrex finden<\/em><\/p>\n<h2 data-start=\"14801\" data-end=\"14829\" id=\"alpenst\u00e4dte-in-italien\">Alpenst\u00e4dte in Italien<\/h2>\n<h3 data-start=\"14833\" data-end=\"15503\">Bozen (Bolzano)<\/h3>\n<ul>\n<li data-start=\"5140\" data-end=\"5720\"><strong>Einwohner:<\/strong> 106.463<\/li>\n<li data-start=\"5140\" data-end=\"5720\"><strong>Highlights:<\/strong> Waltherplatz, Dom Maria Himmelfahrt und S\u00fcdtiroler Arch\u00e4ologiemuseum<\/li>\n<\/ul>\n<div class=\"tt-post-image-wrapper tt-post-image-wrapper-full\">\n            <div class=\"tt-image-copyright-container\">\n                <a href=\"https:\/\/www.holidaytrex.com\/magazine.p25000.de\/files\/2026\/03\/RS28557_shutterstock_1924100255-scr.jpg\" target=\"_blank\" rel=\"noopener\"><img loading=\"lazy\" decoding=\"async\" data-wrapped=\"true\" class=\"wp-image-1244 size-Artikelbild_gro\u00df\" title=\"Der Dom Maria Himmelfahrt ist das Wahrzeichen der S\u00fcdtiroler Hauptstadt Bozen.\" src=\"https:\/\/www.holidaytrex.com\/magazine.p25000.de\/files\/2026\/03\/RS28557_shutterstock_1924100255-scr-729x486.jpg\" alt=\"Der Dom Maria Himmelfahrt ist das Wahrzeichen der S\u00fcdtiroler Hauptstadt Bozen.\" width=\"729\" height=\"486\" srcset=\"https:\/\/www.holidaytrex.com\/magazine.p25000.de\/files\/2026\/03\/RS28557_shutterstock_1924100255-scr-729x486.jpg 729w, https:\/\/www.holidaytrex.com\/magazine.p25000.de\/files\/2026\/03\/RS28557_shutterstock_1924100255-scr-468x312.jpg 468w, https:\/\/www.holidaytrex.com\/magazine.p25000.de\/files\/2026\/03\/RS28557_shutterstock_1924100255-scr-300x200.jpg 300w, https:\/\/www.holidaytrex.com\/magazine.p25000.de\/files\/2026\/03\/RS28557_shutterstock_1924100255-scr-999x666.jpg 999w, https:\/\/www.holidaytrex.com\/magazine.p25000.de\/files\/2026\/03\/RS28557_shutterstock_1924100255-scr-645x430.jpg 645w, https:\/\/www.holidaytrex.com\/magazine.p25000.de\/files\/2026\/03\/RS28557_shutterstock_1924100255-scr-552x368.jpg 552w, https:\/\/www.holidaytrex.com\/magazine.p25000.de\/files\/2026\/03\/RS28557_shutterstock_1924100255-scr-405x270.jpg 405w, https:\/\/www.holidaytrex.com\/magazine.p25000.de\/files\/2026\/03\/RS28557_shutterstock_1924100255-scr-336x224.jpg 336w, https:\/\/www.holidaytrex.com\/magazine.p25000.de\/files\/2026\/03\/RS28557_shutterstock_1924100255-scr-276x184.jpg 276w, https:\/\/www.holidaytrex.com\/magazine.p25000.de\/files\/2026\/03\/RS28557_shutterstock_1924100255-scr-234x156.jpg 234w, https:\/\/www.holidaytrex.com\/magazine.p25000.de\/files\/2026\/03\/RS28557_shutterstock_1924100255-scr-192x128.jpg 192w, https:\/\/www.holidaytrex.com\/magazine.p25000.de\/files\/2026\/03\/RS28557_shutterstock_1924100255-scr-120x80.jpg 120w\" sizes=\"(min-width: 1009px) 729px, (min-width: 819px) 594px, (min-width: 569px) 729px, (min-width: 449px) 468px, 348px\" \/><\/a><div class=\"tt-image-copyright\" data-image-id=\"1244\">\u00a9 saiko3p\/shutterstock.de<\/div>\n            <\/div>\n            <div class=\"tt-post-caption\">Der Dom Maria Himmelfahrt ist das Wahrzeichen der S\u00fcdtiroler Hauptstadt Bozen.<\/div>\n         <\/div > \n<p data-start=\"14833\" data-end=\"15503\">Kaum eine andere Stadt S\u00fcdtirols ist so stark von italienischen und \u00f6sterreichischen Einfl\u00fcssen gepr\u00e4gt wie die Landeshauptstadt Bozen. Hier treffen nicht nur zwei Sprachen, sondern auch zwei unterschiedliche Lebensstile aufeinander. Mediterranes Dolce Vita trifft auf alpine Tradition. Die Bozener Altstadt besticht mit ihren Laubeng\u00e4ngen, dem farbenfrohen Waltherplatz und dem gotischen Dom. Ein absolutes Muss f\u00fcr Besucher ist zudem das S\u00fcdtiroler Arch\u00e4ologiemuseum, in dem die Gletschermumie \u00d6tzi ausgestellt ist. In der direkten Umgebung der Stadt sollten im Sommer auf jeden Fall auch die Weinberge entdeckt werden, in denen eine Weinprobe entlang der S\u00fcdtiroler Weinstra\u00dfe f\u00fcr Kenner und Laien gleicherma\u00dfen obligatorisch ist. Mit der Seilbahn gelangt man aus dem Zentrum zudem nach Oberbozen (1.220 m), wo sich leichte Wanderungen unternehmen oder bei einem k\u00fchlen Getr\u00e4nk die Ausblicke auf die Dolomiten genie\u00dfen lassen.<\/p>\n<h3 data-start=\"15507\" data-end=\"16168\">Meran (Merano)<\/h3>\n<ul>\n<li data-start=\"5140\" data-end=\"5720\"><strong>Einwohner:<\/strong> 41.539<\/li>\n<li data-start=\"5140\" data-end=\"5720\"><strong>Highlights:<\/strong> Therme Meran, Schloss Trauttmansdorff und Altstadt<\/li>\n<\/ul>\n<div class=\"tt-post-image-wrapper tt-post-image-wrapper-full\">\n            <div class=\"tt-image-copyright-container\">\n                <a href=\"https:\/\/www.holidaytrex.com\/magazine.p25000.de\/files\/2026\/03\/RS28576_shutterstock_2649613803-scr.jpg\" target=\"_blank\" rel=\"noopener\"><img loading=\"lazy\" decoding=\"async\" data-wrapped=\"true\" class=\"wp-image-1245 size-Artikelbild_gro\u00df\" title=\"Meran liegt zwar inmitten der Alpen, punktet bei Besuchern aber auch mit seinem mediterranen Flair.\" src=\"https:\/\/www.holidaytrex.com\/magazine.p25000.de\/files\/2026\/03\/RS28576_shutterstock_2649613803-scr-729x486.jpg\" alt=\"Meran liegt zwar inmitten der Alpen, punktet bei Besuchern aber auch mit seinem mediterranen Flair.\" width=\"729\" height=\"486\" srcset=\"https:\/\/www.holidaytrex.com\/magazine.p25000.de\/files\/2026\/03\/RS28576_shutterstock_2649613803-scr-729x486.jpg 729w, https:\/\/www.holidaytrex.com\/magazine.p25000.de\/files\/2026\/03\/RS28576_shutterstock_2649613803-scr-290x193.jpg 290w, https:\/\/www.holidaytrex.com\/magazine.p25000.de\/files\/2026\/03\/RS28576_shutterstock_2649613803-scr-728x485.jpg 728w, https:\/\/www.holidaytrex.com\/magazine.p25000.de\/files\/2026\/03\/RS28576_shutterstock_2649613803-scr-768x512.jpg 768w, https:\/\/www.holidaytrex.com\/magazine.p25000.de\/files\/2026\/03\/RS28576_shutterstock_2649613803-scr-468x312.jpg 468w, https:\/\/www.holidaytrex.com\/magazine.p25000.de\/files\/2026\/03\/RS28576_shutterstock_2649613803-scr-300x200.jpg 300w, https:\/\/www.holidaytrex.com\/magazine.p25000.de\/files\/2026\/03\/RS28576_shutterstock_2649613803-scr-999x666.jpg 999w, https:\/\/www.holidaytrex.com\/magazine.p25000.de\/files\/2026\/03\/RS28576_shutterstock_2649613803-scr-645x430.jpg 645w, https:\/\/www.holidaytrex.com\/magazine.p25000.de\/files\/2026\/03\/RS28576_shutterstock_2649613803-scr-552x368.jpg 552w, https:\/\/www.holidaytrex.com\/magazine.p25000.de\/files\/2026\/03\/RS28576_shutterstock_2649613803-scr-405x270.jpg 405w, https:\/\/www.holidaytrex.com\/magazine.p25000.de\/files\/2026\/03\/RS28576_shutterstock_2649613803-scr-336x224.jpg 336w, https:\/\/www.holidaytrex.com\/magazine.p25000.de\/files\/2026\/03\/RS28576_shutterstock_2649613803-scr-276x184.jpg 276w, https:\/\/www.holidaytrex.com\/magazine.p25000.de\/files\/2026\/03\/RS28576_shutterstock_2649613803-scr-234x156.jpg 234w, https:\/\/www.holidaytrex.com\/magazine.p25000.de\/files\/2026\/03\/RS28576_shutterstock_2649613803-scr-192x128.jpg 192w, https:\/\/www.holidaytrex.com\/magazine.p25000.de\/files\/2026\/03\/RS28576_shutterstock_2649613803-scr-120x80.jpg 120w, https:\/\/www.holidaytrex.com\/magazine.p25000.de\/files\/2026\/03\/RS28576_shutterstock_2649613803-scr.jpg 1440w\" sizes=\"(min-width: 1009px) 729px, (min-width: 819px) 594px, (min-width: 569px) 729px, (min-width: 449px) 468px, 348px\" \/><\/a><div class=\"tt-image-copyright\" data-image-id=\"1245\">\u00a9 Vlad Rakin\/shutterstock.de<\/div>\n            <\/div>\n            <div class=\"tt-post-caption\">Meran liegt zwar inmitten der Alpen, punktet bei Besuchern aber auch mit seinem mediterranen Flair.<\/div>\n         <\/div > \n<p data-start=\"15507\" data-end=\"16168\">Nicht nur Bayern hat ber\u00fchmte Kurorte zu bieten, denn auch S\u00fcdtirol wartet mit Meran auf, einer Stadt, die ihre Besucher bis heute mit mildem Klima und Jugendstil-Charme beeindruckt. Vor einem alpinen Bergpanorama gedeihen hier Palmen und Zypressen, die f\u00fcr mediterranes Flair sorgen. In Europas gr\u00f6\u00dftem Hochgebirge gibt es das kein zweites Mal. Besondere Highlights sind au\u00dferdem die Therme Meran und die bl\u00fchenden G\u00e4rten von Schloss Trauttmansdorff. Im Ortszentrum lockt die historische Altstadt mit ihren Lauben und eleganten Caf\u00e9s zum Flanieren.<\/p>\n<h3 data-start=\"16934\" data-end=\"17801\">Aosta<\/h3>\n<ul>\n<li data-start=\"5140\" data-end=\"5720\"><strong>Einwohner:<\/strong> 33.136<\/li>\n<li data-start=\"5140\" data-end=\"5720\"><strong>Highlights:<\/strong> Teatro Romano, Piazza \u00c9mile Chanoux und Forte di Bard<\/li>\n<\/ul>\n<div class=\"tt-post-image-wrapper tt-post-image-wrapper-full\">\n            <div class=\"tt-image-copyright-container\">\n                <a href=\"https:\/\/www.holidaytrex.com\/magazine.p25000.de\/files\/2026\/03\/RS28574_shutterstock_2532619811-scr.jpg\" target=\"_blank\" rel=\"noopener\"><img loading=\"lazy\" decoding=\"async\" data-wrapped=\"true\" class=\"wp-image-1246 size-Artikelbild_gro\u00df\" title=\"Die r\u00f6mischen Ruinen zeugen von der langen Geschichte, von der Aosta als Hauptstadt des gleichnamigen Alpentals heute unter anderem lebt.\" src=\"https:\/\/www.holidaytrex.com\/magazine.p25000.de\/files\/2026\/03\/RS28574_shutterstock_2532619811-scr-729x486.jpg\" alt=\"Die r\u00f6mischen Ruinen zeugen von der langen Geschichte, von der Aosta als Hauptstadt des gleichnamigen Alpentals heute unter anderem lebt.\" width=\"729\" height=\"486\" srcset=\"https:\/\/www.holidaytrex.com\/magazine.p25000.de\/files\/2026\/03\/RS28574_shutterstock_2532619811-scr-729x486.jpg 729w, https:\/\/www.holidaytrex.com\/magazine.p25000.de\/files\/2026\/03\/RS28574_shutterstock_2532619811-scr-290x193.jpg 290w, https:\/\/www.holidaytrex.com\/magazine.p25000.de\/files\/2026\/03\/RS28574_shutterstock_2532619811-scr-728x485.jpg 728w, https:\/\/www.holidaytrex.com\/magazine.p25000.de\/files\/2026\/03\/RS28574_shutterstock_2532619811-scr-768x512.jpg 768w, https:\/\/www.holidaytrex.com\/magazine.p25000.de\/files\/2026\/03\/RS28574_shutterstock_2532619811-scr-468x312.jpg 468w, https:\/\/www.holidaytrex.com\/magazine.p25000.de\/files\/2026\/03\/RS28574_shutterstock_2532619811-scr-300x200.jpg 300w, https:\/\/www.holidaytrex.com\/magazine.p25000.de\/files\/2026\/03\/RS28574_shutterstock_2532619811-scr-999x666.jpg 999w, https:\/\/www.holidaytrex.com\/magazine.p25000.de\/files\/2026\/03\/RS28574_shutterstock_2532619811-scr-645x430.jpg 645w, https:\/\/www.holidaytrex.com\/magazine.p25000.de\/files\/2026\/03\/RS28574_shutterstock_2532619811-scr-552x368.jpg 552w, https:\/\/www.holidaytrex.com\/magazine.p25000.de\/files\/2026\/03\/RS28574_shutterstock_2532619811-scr-405x270.jpg 405w, https:\/\/www.holidaytrex.com\/magazine.p25000.de\/files\/2026\/03\/RS28574_shutterstock_2532619811-scr-336x224.jpg 336w, https:\/\/www.holidaytrex.com\/magazine.p25000.de\/files\/2026\/03\/RS28574_shutterstock_2532619811-scr-276x184.jpg 276w, https:\/\/www.holidaytrex.com\/magazine.p25000.de\/files\/2026\/03\/RS28574_shutterstock_2532619811-scr-234x156.jpg 234w, https:\/\/www.holidaytrex.com\/magazine.p25000.de\/files\/2026\/03\/RS28574_shutterstock_2532619811-scr-192x128.jpg 192w, https:\/\/www.holidaytrex.com\/magazine.p25000.de\/files\/2026\/03\/RS28574_shutterstock_2532619811-scr-120x80.jpg 120w, https:\/\/www.holidaytrex.com\/magazine.p25000.de\/files\/2026\/03\/RS28574_shutterstock_2532619811-scr.jpg 1440w\" sizes=\"(min-width: 1009px) 729px, (min-width: 819px) 594px, (min-width: 569px) 729px, (min-width: 449px) 468px, 348px\" \/><\/a><div class=\"tt-image-copyright\" data-image-id=\"1246\">\u00a9 Imladris\/shutterstock.de<\/div>\n            <\/div>\n            <div class=\"tt-post-caption\">Die r\u00f6mischen Ruinen zeugen von der langen Geschichte, von der Aosta als Hauptstadt des gleichnamigen Alpentals heute unter anderem lebt.<\/div>\n         <\/div > \n<p data-start=\"16934\" data-end=\"17801\">Mit dem Mont Blanc, dem mit 4.806 m <a href=\"https:\/\/www.holidaytrex.com\/magazine.p25000.de\/top-10\/highest-mountains-alps\/#1-mont-blanc\" target=\"_blank\" rel=\"noopener\">h\u00f6chsten Berg der Alpen<\/a>, im R\u00fccken pr\u00e4sentiert sich die Hauptstadt des Aostatals in den italienischen Westalpen wortw\u00f6rtlich historisch. Schlie\u00dflich finden sich in Aosta zahlreiche r\u00f6mische Ruinen, weshalb die Stadt auch als &#8222;Rom der Alpen&#8220; bezeichnet wird. Ein Triumphbogen, die antiken Stadtmauern und das Teatro Romano zeugen noch heute von der einstigen Bedeutung der Stadt im R\u00f6mischen Reich. Die Menschen in Aosta wachsen zweisprachig auf und sprechen sowohl Italienisch als auch Franz\u00f6sisch, wodurch sie die Kulturen der beiden L\u00e4nder verbinden. Die hohen Alpengipfel am Stadtrand bilden eine grandiose Kulisse f\u00fcr Naturliebhaber, und im nahe gelegenen <a href=\"https:\/\/www.holidaytrex.com\/magazine.p25000.de\/destinations\/national-parks-italy\/#2-parco-nazionale-gran-paradiso\" target=\"_blank\" rel=\"noopener\">Nationalpark Gran Paradiso<\/a> und seinen Seitent\u00e4lern warten viele Wanderm\u00f6glichkeiten. Zum Tagesabschluss wird es in Aosta italienisch-typisch kulinarisch mit traditioneller, alpiner K\u00fcche. Dazu geh\u00f6ren etwa Fontina-K\u00e4se, Schinken und regionale Weine.<\/p>\n<p data-start=\"16934\" data-end=\"17801\"><em>\u2192 Jetzt unvergessliche Sommermomente in <a href=\"https:\/\/www.holidaytrex.com\/search-book.p6.de.html?destinationId=2372&amp;destinationUuId=4028819a696b70980169bea5caf5646f\" target=\"_blank\" rel=\"noopener\">Italien<\/a>\u00a0mit SnowTrex sichern<\/em><\/p>\n<h2 data-start=\"18590\" data-end=\"18618\" id=\"alpenst\u00e4dte-in-frankreich\">Alpenst\u00e4dte in Frankreich<\/h2>\n<h3 data-start=\"18622\" data-end=\"19466\">Grenoble<\/h3>\n<ul>\n<li data-start=\"5140\" data-end=\"5720\"><strong>Einwohner:<\/strong> 156.140<\/li>\n<li data-start=\"5140\" data-end=\"5720\"><strong>Highlights:<\/strong> Bastille-Festung, Mus\u00e9e de Grenoble und Markthallen<\/li>\n<\/ul>\n<div class=\"tt-post-image-wrapper tt-post-image-wrapper-full\">\n            <div class=\"tt-image-copyright-container\">\n                <a href=\"https:\/\/www.holidaytrex.com\/magazine.p25000.de\/files\/2026\/03\/RS28564_shutterstock_2306595323-scr.jpg\" target=\"_blank\" rel=\"noopener\"><img loading=\"lazy\" decoding=\"async\" data-wrapped=\"true\" class=\"wp-image-1247 size-Artikelbild_gro\u00df\" title=\"Mit der Seilbahn &quot;Les Bulles&quot; geht es hinauf zur historischen Festung Bastille, die auf 476 m H\u00f6he \u00fcber Grenoble thront.\" src=\"https:\/\/www.holidaytrex.com\/magazine.p25000.de\/files\/2026\/03\/RS28564_shutterstock_2306595323-scr-729x486.jpg\" alt=\"Mit der Seilbahn &quot;Les Bulles&quot; geht es hinauf zur historischen Festung Bastille, die auf 476 m H\u00f6he \u00fcber Grenoble thront.\" width=\"729\" height=\"486\" srcset=\"https:\/\/www.holidaytrex.com\/magazine.p25000.de\/files\/2026\/03\/RS28564_shutterstock_2306595323-scr-729x487.jpg 729w, https:\/\/www.holidaytrex.com\/magazine.p25000.de\/files\/2026\/03\/RS28564_shutterstock_2306595323-scr-290x194.jpg 290w, https:\/\/www.holidaytrex.com\/magazine.p25000.de\/files\/2026\/03\/RS28564_shutterstock_2306595323-scr-728x486.jpg 728w, https:\/\/www.holidaytrex.com\/magazine.p25000.de\/files\/2026\/03\/RS28564_shutterstock_2306595323-scr-768x513.jpg 768w, https:\/\/www.holidaytrex.com\/magazine.p25000.de\/files\/2026\/03\/RS28564_shutterstock_2306595323-scr-468x312.jpg 468w, https:\/\/www.holidaytrex.com\/magazine.p25000.de\/files\/2026\/03\/RS28564_shutterstock_2306595323-scr-300x200.jpg 300w, https:\/\/www.holidaytrex.com\/magazine.p25000.de\/files\/2026\/03\/RS28564_shutterstock_2306595323-scr-999x666.jpg 999w, https:\/\/www.holidaytrex.com\/magazine.p25000.de\/files\/2026\/03\/RS28564_shutterstock_2306595323-scr-645x430.jpg 645w, https:\/\/www.holidaytrex.com\/magazine.p25000.de\/files\/2026\/03\/RS28564_shutterstock_2306595323-scr-552x368.jpg 552w, https:\/\/www.holidaytrex.com\/magazine.p25000.de\/files\/2026\/03\/RS28564_shutterstock_2306595323-scr-405x270.jpg 405w, https:\/\/www.holidaytrex.com\/magazine.p25000.de\/files\/2026\/03\/RS28564_shutterstock_2306595323-scr-336x224.jpg 336w, https:\/\/www.holidaytrex.com\/magazine.p25000.de\/files\/2026\/03\/RS28564_shutterstock_2306595323-scr-276x184.jpg 276w, https:\/\/www.holidaytrex.com\/magazine.p25000.de\/files\/2026\/03\/RS28564_shutterstock_2306595323-scr-234x156.jpg 234w, https:\/\/www.holidaytrex.com\/magazine.p25000.de\/files\/2026\/03\/RS28564_shutterstock_2306595323-scr-192x128.jpg 192w, https:\/\/www.holidaytrex.com\/magazine.p25000.de\/files\/2026\/03\/RS28564_shutterstock_2306595323-scr-120x80.jpg 120w, https:\/\/www.holidaytrex.com\/magazine.p25000.de\/files\/2026\/03\/RS28564_shutterstock_2306595323-scr.jpg 1440w\" sizes=\"(min-width: 1009px) 729px, (min-width: 819px) 594px, (min-width: 569px) 729px, (min-width: 449px) 468px, 348px\" \/><\/a><div class=\"tt-image-copyright\" data-image-id=\"1247\">\u00a9 Francois Roux\/shutterstock.de<\/div>\n            <\/div>\n            <div class=\"tt-post-caption\">Mit der Seilbahn &#8222;Les Bulles&#8220; geht es hinauf zur historischen Festung Bastille, die auf 476 m H\u00f6he \u00fcber Grenoble thront.<\/div>\n         <\/div > \n<p data-start=\"18622\" data-end=\"19466\">Mit rund 156.000 Einwohnern ist Grenoble die gr\u00f6\u00dfte Stadt in den franz\u00f6sischen Alpen. Sie gilt als das wichtigste urbane Zentrum zwischen den Gebirgsz\u00fcgen Vercors (2.341 m), Chartreuse (2.082 m) und Belledonne (2.977 m). Die Alpenstadt lebt von einer Mischung aus Hightech und Tradition. Einerseits ist Grenoble ein bedeutender Forschungs- und Universit\u00e4tsstandort, andererseits geht es mit der Seilbahn &#8222;Les Bulles&#8220; in wenigen Minuten aus dem Zentrum zur historischen Festung Bastille auf 476 m H\u00f6he. Von dort er\u00f6ffnet sich ein beeindruckender Ausblick auf die umliegenden Gipfel sowie auf die Altstadt mit ihren Markthallen, Museen wie dem Mus\u00e9e de Grenoble und ihrem lebhaften Kulturleben. Aufgrund der Kombination aus Universit\u00e4tsstandort, Forschungszentren und alpiner Lage wird Grenoble oft als &#8222;Hauptstadt der franz\u00f6sischen Alpen&#8220; bezeichnet.<\/p>\n<h3 data-start=\"19470\" data-end=\"20207\">Annecy<\/h3>\n<ul>\n<li data-start=\"5140\" data-end=\"5720\"><strong>Einwohner:<\/strong> 132.117<\/li>\n<li data-start=\"5140\" data-end=\"5720\"><strong>Highlights:<\/strong> Lac d\u2019Annecy, Palais de l\u2019Isle und Ch\u00e2teau d\u2019Annecy<\/li>\n<\/ul>\n<div class=\"tt-post-image-wrapper tt-post-image-wrapper-full\">\n            <div class=\"tt-image-copyright-container\">\n                <a href=\"https:\/\/www.holidaytrex.com\/magazine.p25000.de\/files\/2026\/03\/RS28571_shutterstock_2503967365-scr.jpg\" target=\"_blank\" rel=\"noopener\"><img loading=\"lazy\" decoding=\"async\" data-wrapped=\"true\" class=\"wp-image-1248 size-Artikelbild_gro\u00df\" title=\"Annecy liegt am gleichnamigen See und ist bei den Einheimischen heute auch als &quot;Venedig der Alpen&quot; bekannt.\" src=\"https:\/\/www.holidaytrex.com\/magazine.p25000.de\/files\/2026\/03\/RS28571_shutterstock_2503967365-scr-729x486.jpg\" alt=\"Annecy liegt am gleichnamigen See und ist bei den Einheimischen heute auch als &quot;Venedig der Alpen&quot; bekannt.\" width=\"729\" height=\"486\" srcset=\"https:\/\/www.holidaytrex.com\/magazine.p25000.de\/files\/2026\/03\/RS28571_shutterstock_2503967365-scr-729x487.jpg 729w, https:\/\/www.holidaytrex.com\/magazine.p25000.de\/files\/2026\/03\/RS28571_shutterstock_2503967365-scr-290x194.jpg 290w, https:\/\/www.holidaytrex.com\/magazine.p25000.de\/files\/2026\/03\/RS28571_shutterstock_2503967365-scr-728x486.jpg 728w, https:\/\/www.holidaytrex.com\/magazine.p25000.de\/files\/2026\/03\/RS28571_shutterstock_2503967365-scr-768x513.jpg 768w, https:\/\/www.holidaytrex.com\/magazine.p25000.de\/files\/2026\/03\/RS28571_shutterstock_2503967365-scr-468x312.jpg 468w, https:\/\/www.holidaytrex.com\/magazine.p25000.de\/files\/2026\/03\/RS28571_shutterstock_2503967365-scr-300x200.jpg 300w, https:\/\/www.holidaytrex.com\/magazine.p25000.de\/files\/2026\/03\/RS28571_shutterstock_2503967365-scr-999x666.jpg 999w, https:\/\/www.holidaytrex.com\/magazine.p25000.de\/files\/2026\/03\/RS28571_shutterstock_2503967365-scr-645x430.jpg 645w, https:\/\/www.holidaytrex.com\/magazine.p25000.de\/files\/2026\/03\/RS28571_shutterstock_2503967365-scr-552x368.jpg 552w, https:\/\/www.holidaytrex.com\/magazine.p25000.de\/files\/2026\/03\/RS28571_shutterstock_2503967365-scr-405x270.jpg 405w, https:\/\/www.holidaytrex.com\/magazine.p25000.de\/files\/2026\/03\/RS28571_shutterstock_2503967365-scr-336x224.jpg 336w, https:\/\/www.holidaytrex.com\/magazine.p25000.de\/files\/2026\/03\/RS28571_shutterstock_2503967365-scr-276x184.jpg 276w, https:\/\/www.holidaytrex.com\/magazine.p25000.de\/files\/2026\/03\/RS28571_shutterstock_2503967365-scr-234x156.jpg 234w, https:\/\/www.holidaytrex.com\/magazine.p25000.de\/files\/2026\/03\/RS28571_shutterstock_2503967365-scr-192x128.jpg 192w, https:\/\/www.holidaytrex.com\/magazine.p25000.de\/files\/2026\/03\/RS28571_shutterstock_2503967365-scr-120x80.jpg 120w, https:\/\/www.holidaytrex.com\/magazine.p25000.de\/files\/2026\/03\/RS28571_shutterstock_2503967365-scr.jpg 1440w\" sizes=\"(min-width: 1009px) 729px, (min-width: 819px) 594px, (min-width: 569px) 729px, (min-width: 449px) 468px, 348px\" \/><\/a><div class=\"tt-image-copyright\" data-image-id=\"1248\">\u00a9 Collection Maykova\/shutterstock.de<\/div>\n            <\/div>\n            <div class=\"tt-post-caption\">Annecy liegt am gleichnamigen See und ist bei den Einheimischen heute auch als &#8222;Venedig der Alpen&#8220; bekannt.<\/div>\n         <\/div > \n<p data-start=\"19470\" data-end=\"20207\">Wenn die Einheimischen von der &#8222;Perle der franz\u00f6sischen Alpen&#8220; sprechen, dann meinen sie Annecy. Die charmante Stadt begeistert durch ihre Lage am smaragdgr\u00fcnen Lac d\u2019Annecy. Das Wasser des Sees flie\u00dft dabei teilweise auch durch malerische Kan\u00e4le, die sich durch die Altstadt ziehen. Diese sind von blumengeschm\u00fcckten Br\u00fccken \u00fcberspannt. Diese Szenerie hat Annecy einen zweiten Spitznamen eingebracht: das &#8222;Venedig der Alpen&#8220;. An einem dieser Kan\u00e4le liegt der historische Palais de l\u2019Isle aus dem Mittelalter. Zur gleichen Zeit wurde auch das Ch\u00e2teau d\u2019Annecy auf einem H\u00fcgel errichtet. Es zeugt bis heute von der Geschichte der Stadt als Residenz der Grafen von Savoyen. In der Alpenstadt laden die Uferpromenaden und die Badestellen am See sowie die N\u00e4he zu den Bergen zu Aktivit\u00e4ten wie Segeln, Schwimmen oder <a href=\"https:\/\/www.holidaytrex.com\/holiday-topics\/hiking.p712.de.html\" target=\"_blank\" rel=\"noopener\">Wanderurlaub in den Bergen<\/a> ein. In den verwinkelten Gassen der Innenstadt warten schlie\u00dflich noch Caf\u00e9s, Cr\u00eaperien und M\u00e4rkte darauf, besucht zu werden.<\/p>\n<h3 data-start=\"20925\" data-end=\"21676\">Gap<\/h3>\n<ul>\n<li data-start=\"5140\" data-end=\"5720\"><strong>Einwohner:<\/strong> 41.293<\/li>\n<li data-start=\"5140\" data-end=\"5720\"><strong>Highlights:<\/strong> Place Jean-Marcellin, Kathedrale Notre-Dame-et-Saint-Arnoux und Mus\u00e9e Mus\u00e9um d\u00e9partemental des Hautes-Alpes<\/li>\n<\/ul>\n<div class=\"tt-post-image-wrapper tt-post-image-wrapper-full\">\n            <div class=\"tt-image-copyright-container\">\n                <a href=\"https:\/\/www.holidaytrex.com\/magazine.p25000.de\/files\/2026\/03\/RS28573_shutterstock_2519612455-scr.jpg\" target=\"_blank\" rel=\"noopener\"><img loading=\"lazy\" decoding=\"async\" data-wrapped=\"true\" class=\"wp-image-1249 size-Artikelbild_gro\u00df\" title=\"Gap liegt auf 745 m H\u00f6he und ist damit die h\u00f6chstgelegene D\u00e9partement-Hauptstadt Frankreichs. Die Stadt war bereits 68 Mal Etappenort der Tour de France.\" src=\"https:\/\/www.holidaytrex.com\/magazine.p25000.de\/files\/2026\/03\/RS28573_shutterstock_2519612455-scr-729x486.jpg\" alt=\"Gap liegt auf 745 m H\u00f6he und ist damit die h\u00f6chstgelegene D\u00e9partement-Hauptstadt Frankreichs. Die Stadt war bereits 68 Mal Etappenort der Tour de France.\" width=\"729\" height=\"486\" srcset=\"https:\/\/www.holidaytrex.com\/magazine.p25000.de\/files\/2026\/03\/RS28573_shutterstock_2519612455-scr-729x487.jpg 729w, https:\/\/www.holidaytrex.com\/magazine.p25000.de\/files\/2026\/03\/RS28573_shutterstock_2519612455-scr-290x194.jpg 290w, https:\/\/www.holidaytrex.com\/magazine.p25000.de\/files\/2026\/03\/RS28573_shutterstock_2519612455-scr-728x486.jpg 728w, https:\/\/www.holidaytrex.com\/magazine.p25000.de\/files\/2026\/03\/RS28573_shutterstock_2519612455-scr-768x513.jpg 768w, https:\/\/www.holidaytrex.com\/magazine.p25000.de\/files\/2026\/03\/RS28573_shutterstock_2519612455-scr-468x313.jpg 468w, https:\/\/www.holidaytrex.com\/magazine.p25000.de\/files\/2026\/03\/RS28573_shutterstock_2519612455-scr-300x200.jpg 300w, https:\/\/www.holidaytrex.com\/magazine.p25000.de\/files\/2026\/03\/RS28573_shutterstock_2519612455-scr-999x666.jpg 999w, https:\/\/www.holidaytrex.com\/magazine.p25000.de\/files\/2026\/03\/RS28573_shutterstock_2519612455-scr-645x430.jpg 645w, https:\/\/www.holidaytrex.com\/magazine.p25000.de\/files\/2026\/03\/RS28573_shutterstock_2519612455-scr-552x368.jpg 552w, https:\/\/www.holidaytrex.com\/magazine.p25000.de\/files\/2026\/03\/RS28573_shutterstock_2519612455-scr-405x270.jpg 405w, https:\/\/www.holidaytrex.com\/magazine.p25000.de\/files\/2026\/03\/RS28573_shutterstock_2519612455-scr-336x224.jpg 336w, https:\/\/www.holidaytrex.com\/magazine.p25000.de\/files\/2026\/03\/RS28573_shutterstock_2519612455-scr-276x184.jpg 276w, https:\/\/www.holidaytrex.com\/magazine.p25000.de\/files\/2026\/03\/RS28573_shutterstock_2519612455-scr-234x156.jpg 234w, https:\/\/www.holidaytrex.com\/magazine.p25000.de\/files\/2026\/03\/RS28573_shutterstock_2519612455-scr-192x128.jpg 192w, https:\/\/www.holidaytrex.com\/magazine.p25000.de\/files\/2026\/03\/RS28573_shutterstock_2519612455-scr-120x80.jpg 120w, https:\/\/www.holidaytrex.com\/magazine.p25000.de\/files\/2026\/03\/RS28573_shutterstock_2519612455-scr.jpg 1440w\" sizes=\"(min-width: 1009px) 729px, (min-width: 819px) 594px, (min-width: 569px) 729px, (min-width: 449px) 468px, 348px\" \/><\/a><div class=\"tt-image-copyright\" data-image-id=\"1249\">\u00a9 Kornienko Alexandr\/shutterstock.de<\/div>\n            <\/div>\n            <div class=\"tt-post-caption\">Gap liegt auf 745 m H\u00f6he und ist damit die h\u00f6chstgelegene D\u00e9partement-Hauptstadt Frankreichs. Die Stadt war bereits 68 Mal Etappenort der Tour de France.<\/div>\n         <\/div > \n<p data-start=\"20925\" data-end=\"21676\">Mit 745 m \u00fcber dem Meeresspiegel ist Gap die h\u00f6chstgelegene D\u00e9partement-Hauptstadt Frankreichs. Die Stadt war bereits 68-mal Etappenort der Tour de France und liegt im S\u00fcden der franz\u00f6sischen Alpen im D\u00e9partement Hautes-Alpes. Die Stadt lebt von einem mediterranen Flair mit farbenfrohen Fassaden und viel Sonnenschein am Westrand von Europas gr\u00f6\u00dftem Hochgebirge. Das Zentrum bilden die Altstadt rund um die Kathedrale Notre-Dame-et-Saint-Arnoux und der Place Jean-Marcellin, die zum Flanieren einladen. \u00dcber die Grenzen Frankreichs hinaus d\u00fcrfte Gap prim\u00e4r Radsportfans eben als Tour de France-Ort ein Begriff sein. Denn von hier aus k\u00f6nnen die Radprofis oft schnell und unkompliziert die steilen Anstiege der Berge im Parc National des \u00c9crins erreichen. Der Nationalpark selbst ist von Gap aus schnell mit dem Auto zu erreichen. Er beeindruckt mit hohen Gipfeln, Gletschern und Seen und ist damit ein wunderbares Naherholungsgebiet f\u00fcr Naturliebhaber.<\/p>\n<h2 data-start=\"22636\" data-end=\"22665\" id=\"alpenst\u00e4dte-in-slowenien-und-liechtenstein\">Alpenst\u00e4dte in Slowenien und Liechtenstein<\/h2>\n<h3>Kranj<\/h3>\n<ul>\n<li data-start=\"5140\" data-end=\"5720\"><strong>Einwohner:<\/strong> 38.024<\/li>\n<li data-start=\"5140\" data-end=\"5720\"><strong>Highlights:<\/strong> Pre\u0161eren-Theater, Bleder See und Altstadt<\/li>\n<\/ul>\n<div class=\"tt-post-image-wrapper tt-post-image-wrapper-full\">\n            <div class=\"tt-image-copyright-container\">\n                <a href=\"https:\/\/www.holidaytrex.com\/magazine.p25000.de\/files\/2026\/03\/RS28577_shutterstock_2658730347-scr.jpg\" target=\"_blank\" rel=\"noopener\"><img loading=\"lazy\" decoding=\"async\" data-wrapped=\"true\" class=\"wp-image-1250 size-Artikelbild_gro\u00df\" title=\"Kranj ist die gr\u00f6\u00dfte Stadt der slowenischen Bergregion Gorenjska und wird auch als &quot;Hauptstadt der slowenischen Alpen&quot; bezeichnet.\" src=\"https:\/\/www.holidaytrex.com\/magazine.p25000.de\/files\/2026\/03\/RS28577_shutterstock_2658730347-scr-729x486.jpg\" alt=\"Kranj ist die gr\u00f6\u00dfte Stadt der slowenischen Bergregion Gorenjska und wird auch als &quot;Hauptstadt der slowenischen Alpen&quot; bezeichnet.\" width=\"729\" height=\"486\" srcset=\"https:\/\/www.holidaytrex.com\/magazine.p25000.de\/files\/2026\/03\/RS28577_shutterstock_2658730347-scr-729x486.jpg 729w, https:\/\/www.holidaytrex.com\/magazine.p25000.de\/files\/2026\/03\/RS28577_shutterstock_2658730347-scr-290x193.jpg 290w, https:\/\/www.holidaytrex.com\/magazine.p25000.de\/files\/2026\/03\/RS28577_shutterstock_2658730347-scr-728x485.jpg 728w, https:\/\/www.holidaytrex.com\/magazine.p25000.de\/files\/2026\/03\/RS28577_shutterstock_2658730347-scr-768x512.jpg 768w, https:\/\/www.holidaytrex.com\/magazine.p25000.de\/files\/2026\/03\/RS28577_shutterstock_2658730347-scr-468x312.jpg 468w, https:\/\/www.holidaytrex.com\/magazine.p25000.de\/files\/2026\/03\/RS28577_shutterstock_2658730347-scr-300x200.jpg 300w, https:\/\/www.holidaytrex.com\/magazine.p25000.de\/files\/2026\/03\/RS28577_shutterstock_2658730347-scr-999x666.jpg 999w, https:\/\/www.holidaytrex.com\/magazine.p25000.de\/files\/2026\/03\/RS28577_shutterstock_2658730347-scr-645x430.jpg 645w, https:\/\/www.holidaytrex.com\/magazine.p25000.de\/files\/2026\/03\/RS28577_shutterstock_2658730347-scr-552x368.jpg 552w, https:\/\/www.holidaytrex.com\/magazine.p25000.de\/files\/2026\/03\/RS28577_shutterstock_2658730347-scr-405x270.jpg 405w, https:\/\/www.holidaytrex.com\/magazine.p25000.de\/files\/2026\/03\/RS28577_shutterstock_2658730347-scr-336x224.jpg 336w, https:\/\/www.holidaytrex.com\/magazine.p25000.de\/files\/2026\/03\/RS28577_shutterstock_2658730347-scr-276x184.jpg 276w, https:\/\/www.holidaytrex.com\/magazine.p25000.de\/files\/2026\/03\/RS28577_shutterstock_2658730347-scr-234x156.jpg 234w, https:\/\/www.holidaytrex.com\/magazine.p25000.de\/files\/2026\/03\/RS28577_shutterstock_2658730347-scr-192x128.jpg 192w, https:\/\/www.holidaytrex.com\/magazine.p25000.de\/files\/2026\/03\/RS28577_shutterstock_2658730347-scr-120x80.jpg 120w, https:\/\/www.holidaytrex.com\/magazine.p25000.de\/files\/2026\/03\/RS28577_shutterstock_2658730347-scr.jpg 1440w\" sizes=\"(min-width: 1009px) 729px, (min-width: 819px) 594px, (min-width: 569px) 729px, (min-width: 449px) 468px, 348px\" \/><\/a><div class=\"tt-image-copyright\" data-image-id=\"1250\">\u00a9 xbrchx\/shutterstock.de<\/div>\n            <\/div>\n            <div class=\"tt-post-caption\">Kranj ist die gr\u00f6\u00dfte Stadt der slowenischen Bergregion Gorenjska und wird auch als &#8222;Hauptstadt der slowenischen Alpen&#8220; bezeichnet.<\/div>\n         <\/div > \n<p>Kranj ist die gr\u00f6\u00dfte Stadt der slowenischen Bergregion Gorenjska und liegt rund 30 km n\u00f6rdlich der Hauptstadt Ljubljana. Die historische Altstadt thront idyllisch auf einem Felsen \u00fcber der M\u00fcndung der Kokra in die Save und bietet unter anderem Ausblicke auf den Rest der Stadt sowie die umliegenden Gipfel. In den teilweise jahrhundertealten Gassen k\u00f6nnen Besucher an mittelalterlichen H\u00e4usern, dem Pre\u0161eren-Theater und gem\u00fctlichen Lokalen vorbeiflanieren oder direkt dort einkehren. Die Einheimischen bezeichnen Kranj auch als &#8222;Hauptstadt der slowenischen Alpen&#8220;, da von hier aus oft nur ein Steinwurf bis zu alpinen Ausflugszielen wie dem traumhaften Bleder See und dem Wanderparadies im Triglav-Massiv entfernt ist.<\/p>\n<h3 data-start=\"24052\" data-end=\"24802\">Vaduz<\/h3>\n<ul>\n<li data-start=\"5140\" data-end=\"5720\"><strong>Einwohner:<\/strong> 5.771<\/li>\n<li data-start=\"5140\" data-end=\"5720\"><strong>Highlights:<\/strong> Schloss Vaduz, Kunstmuseum Liechtenstein und Parlament<\/li>\n<\/ul>\n<div class=\"tt-post-image-wrapper tt-post-image-wrapper-full\">\n            <div class=\"tt-image-copyright-container\">\n                <a href=\"https:\/\/www.holidaytrex.com\/magazine.p25000.de\/files\/2026\/03\/RS28553_shutterstock_1747444265-scr.jpg\" target=\"_blank\" rel=\"noopener\"><img loading=\"lazy\" decoding=\"async\" data-wrapped=\"true\" class=\"wp-image-1251 size-Artikelbild_gro\u00df\" title=\"Das im 12. Jahrhundert fertiggestellte Schloss Vaduz ist heute sowohl der Wohnsitz der F\u00fcrstenfamilie als auch das Wahrzeichen der liechtensteinischen Hauptstadt Vaduz.\" src=\"https:\/\/www.holidaytrex.com\/magazine.p25000.de\/files\/2026\/03\/RS28553_shutterstock_1747444265-scr-729x486.jpg\" alt=\"Das im 12. Jahrhundert fertiggestellte Schloss Vaduz ist heute sowohl der Wohnsitz der F\u00fcrstenfamilie als auch das Wahrzeichen der liechtensteinischen Hauptstadt Vaduz.\" width=\"729\" height=\"486\" srcset=\"https:\/\/www.holidaytrex.com\/magazine.p25000.de\/files\/2026\/03\/RS28553_shutterstock_1747444265-scr-729x486.jpg 729w, https:\/\/www.holidaytrex.com\/magazine.p25000.de\/files\/2026\/03\/RS28553_shutterstock_1747444265-scr-290x193.jpg 290w, https:\/\/www.holidaytrex.com\/magazine.p25000.de\/files\/2026\/03\/RS28553_shutterstock_1747444265-scr-728x485.jpg 728w, https:\/\/www.holidaytrex.com\/magazine.p25000.de\/files\/2026\/03\/RS28553_shutterstock_1747444265-scr-768x512.jpg 768w, https:\/\/www.holidaytrex.com\/magazine.p25000.de\/files\/2026\/03\/RS28553_shutterstock_1747444265-scr-468x312.jpg 468w, https:\/\/www.holidaytrex.com\/magazine.p25000.de\/files\/2026\/03\/RS28553_shutterstock_1747444265-scr-300x200.jpg 300w, https:\/\/www.holidaytrex.com\/magazine.p25000.de\/files\/2026\/03\/RS28553_shutterstock_1747444265-scr-999x666.jpg 999w, https:\/\/www.holidaytrex.com\/magazine.p25000.de\/files\/2026\/03\/RS28553_shutterstock_1747444265-scr-645x430.jpg 645w, https:\/\/www.holidaytrex.com\/magazine.p25000.de\/files\/2026\/03\/RS28553_shutterstock_1747444265-scr-552x368.jpg 552w, https:\/\/www.holidaytrex.com\/magazine.p25000.de\/files\/2026\/03\/RS28553_shutterstock_1747444265-scr-405x270.jpg 405w, https:\/\/www.holidaytrex.com\/magazine.p25000.de\/files\/2026\/03\/RS28553_shutterstock_1747444265-scr-336x224.jpg 336w, https:\/\/www.holidaytrex.com\/magazine.p25000.de\/files\/2026\/03\/RS28553_shutterstock_1747444265-scr-276x184.jpg 276w, https:\/\/www.holidaytrex.com\/magazine.p25000.de\/files\/2026\/03\/RS28553_shutterstock_1747444265-scr-234x156.jpg 234w, https:\/\/www.holidaytrex.com\/magazine.p25000.de\/files\/2026\/03\/RS28553_shutterstock_1747444265-scr-192x128.jpg 192w, https:\/\/www.holidaytrex.com\/magazine.p25000.de\/files\/2026\/03\/RS28553_shutterstock_1747444265-scr-120x80.jpg 120w, https:\/\/www.holidaytrex.com\/magazine.p25000.de\/files\/2026\/03\/RS28553_shutterstock_1747444265-scr.jpg 1440w\" sizes=\"(min-width: 1009px) 729px, (min-width: 819px) 594px, (min-width: 569px) 729px, (min-width: 449px) 468px, 348px\" \/><\/a><div class=\"tt-image-copyright\" data-image-id=\"1251\">\u00a9 kudla\/shutterstock.de<\/div>\n            <\/div>\n            <div class=\"tt-post-caption\">Das im 12. Jahrhundert fertiggestellte Schloss Vaduz ist heute sowohl der Wohnsitz der F\u00fcrstenfamilie als auch das Wahrzeichen der liechtensteinischen Hauptstadt Vaduz.<\/div>\n         <\/div > \n<p data-start=\"24052\" data-end=\"24802\">Mit knapp 6.000 Einwohnern ist Vaduz als Hauptstadt des F\u00fcrstentums Liechtenstein zwar klein, besticht aber ihre Besucher mit gro\u00dfem Charme. Hoch \u00fcber dem Stadtzentrum thront das aus dem 12. Jahrhundert stammende Schloss Vaduz, das als Wohnsitz der F\u00fcrstenfamilie und Wahrzeichen des Landes weltber\u00fchmt wurde. Im Ort darunter l\u00e4dt eine gepflegte Fu\u00dfg\u00e4ngerzone zum Flanieren ein. Sie f\u00fchrt vorbei am Kunstmuseum Liechtenstein, dem Landesmuseum und dem Parlamentsgeb\u00e4ude. In den umliegenden Bergen finden Aktivurlauber schlie\u00dflich noch zahlreiche Wander- und Mountainbikem\u00f6glichkeiten.<\/p>\n<h2 data-start=\"24804\" data-end=\"24849\" id=\"aktivit\u00e4ten-und-erlebnisse-in-alpenst\u00e4dten\">Aktivit\u00e4ten und Erlebnisse in Alpenst\u00e4dten<\/h2>\n<h3 data-start=\"25014\" data-end=\"25664\">Sightseeing und Kultur<\/h3>\n<p data-start=\"25014\" data-end=\"25664\">Die Sehensw\u00fcrdigkeiten in Alpenst\u00e4dten reichen von prunkvollen Schl\u00f6ssern und historischen Altst\u00e4dten hin zu spannenden Museen. Spazierg\u00e4nge durch verwinkelte Gassen, der Besuch einer Festung auf einem Hausberg oder ein Abstecher in eine Ausstellung bieten sich dort ebenfalls an. Musik- und Theaterliebhaber kommen in den Orten ebenfalls auf ihre Kosten, denn im Fr\u00fchling, Sommer und Herbst finden in Alpenst\u00e4dten zahlreiche Festivals und Konzerte unter freiem Himmel vor beeindruckender Bergkulisse statt. Kirchen und Kl\u00f6ster zeugen vom reichen kulturellen Erbe der jeweiligen Bergregion.<\/p>\n<h3 data-start=\"25668\" data-end=\"26433\">Outdoor-Aktivit\u00e4ten und Sport<\/h3>\n<p>Die unmittelbare N\u00e4he zur Natur macht Alpenst\u00e4dte zu idealen Ausgangspunkten f\u00fcr zahlreiche Outdoor-Aktivit\u00e4ten. H\u00e4ufig beginnen Wanderwege direkt am Stadtrand und Sommerbergbahnen, die bei HolidayTrex teilweise als <a href=\"https:\/\/www.holidaytrex.com\/holiday-topics\/mountain-lift-included.p731.de.html\" target=\"_blank\" rel=\"noopener\">Bergbahnen inklusive<\/a> sind, erleichtern den Aufstieg in die Berge. Hoch \u00fcber den Orten warten dann Aktivit\u00e4ten wie <a href=\"https:\/\/www.holidaytrex.com\/magazine.p25000.de\/activities-outdoor\/mountainbiking\/\" target=\"_blank\" rel=\"noopener\">Mountainbiken<\/a>, Klettern oder Paragliding. Dadurch l\u00e4sst sich ein Stadtbesuch problemlos mit Ausfl\u00fcgen in die Natur verbinden, beispielsweise mit einem Museumsbesuch am Vormittag und einer Tour in den Bergen am Nachmittag.<\/p>\n<p>Und nicht nur das: In vielen Alpenst\u00e4dten gibt es bei schlechtem Wetter eine gut ausgebaute Infrastruktur f\u00fcr Indoor-Aktivit\u00e4ten wie Kletterhallen oder Bike-Tracks. Wer es dagegen ruhiger angehen m\u00f6chte, kann einen Spaziergang entlang eines Sees machen oder in einem der gepflegten Stadtparks entspannen.<\/p>\n<h3 data-start=\"26437\" data-end=\"27371\">Genuss und Kulinarik<\/h3>\n<p>Die Alpen sind f\u00fcr ihre herzhaften lokalen Spezialit\u00e4ten bekannt, die sich selbstverst\u00e4ndlich auch in den St\u00e4dten genie\u00dfen lassen. Die kulinarische Bandbreite reicht dabei von K\u00e4sefondue in der Schweiz \u00fcber Tiroler Gr\u00f6stl in \u00d6sterreich bis zu italienischem Gelato, das sich mit Blick auf die Dolomiten genie\u00dfen l\u00e4sst. In vielen Alpenst\u00e4dten haben sich zudem \u00fcber Jahrzehnte hinweg traditionelle Gasth\u00e4user etabliert, in denen regionale K\u00f6stlichkeiten wie B\u00fcndnerfleisch in Chur, K\u00e4sesp\u00e4tzle in Vorarlberg, Raclette in Savoyen oder Schlutzkrapfen in S\u00fcdtirol serviert werden.<\/p>\n<p>Die perfekte Erg\u00e4nzung zu diesen Mahlzeiten sind ausgezeichnete Weine aus alpinen Anbaugebieten wie S\u00fcdtirol oder dem Wallis. Sie werden auch in einigen St\u00e4dten in renommierten Restaurants gereicht, in denen Spitzenk\u00f6che alpine Rezepte teilweise ganz neu interpretieren. Die frischesten Produkte gibt es auf regionalen M\u00e4rkten zu kaufen, darunter Bauernk\u00e4se, Honig, Speck und frisches Obst.<\/p>\n<h3 data-start=\"27375\" data-end=\"28230\">Shopping und M\u00e4rkte<\/h3>\n<p>Von eleganter Mode bis zu traditionellem Handwerk: In den Alpenst\u00e4dten gibt es zahlreiche M\u00f6glichkeiten zum St\u00f6bern. In Innsbruck oder Luzern finden sich sowohl exklusive Boutiquen als auch Gesch\u00e4fte f\u00fcr Trachten und Outdoor-Ausr\u00fcstung. Wer nach besonderen Souvenirs sucht, entdeckt hier auch regionales Kunsthandwerk wie filigrane Holzschnitzereien aus dem Gr\u00f6dnertal, handgefertigte Ledertaschen aus Slowenien und traditionelle Lodenmode aus Bayern und Tirol.<\/p>\n<p>Die lokalen Wochenm\u00e4rkte sind zudem \u00e4u\u00dferst lebendig. Dort bieten H\u00e4ndler lokale Produkte, weiteres Kunsthandwerk und kulinarische Spezialit\u00e4ten an. Ein Bummel \u00fcber den Wochenmarkt in Bozen auf der Piazza delle Erbe vermittelt etwa die typische Atmosph\u00e4re der Region und bietet die Gelegenheit, ein St\u00fcck Alpenkultur mit nach Hause zu nehmen.<\/p>\n<h2 data-start=\"28232\" data-end=\"28282\" id=\"tipps-f\u00fcr-den-perfekten-st\u00e4dtetrip-in-den-alpen\">Tipps f\u00fcr den perfekten St\u00e4dtetrip in den Alpen<\/h2>\n<h3 data-start=\"28378\" data-end=\"29372\">Anreise und Mobilit\u00e4t<\/h3>\n<p>Trotz ihrer Lage in den Bergen sind viele Alpenst\u00e4dte heutzutage gut f\u00fcr Besucher erreichbar. Die Anreise mit der Bahn ist zum Beispiel eine besonders umweltfreundliche M\u00f6glichkeit, da die meisten Orte durch internationale Zugverbindungen bedient werden, die teilweise direkt in den Stadtzentren liegen. Beispiele hierf\u00fcr sind Innsbruck, Bozen, Chur oder Salzburg. Wer mit dem Auto unterwegs ist, sollte sich auf kurvenreiche Stra\u00dfen und gelegentlich anspruchsvolle Bergstrecken einstellen, insbesondere auf dem Weg in kleinere Alpenst\u00e4dte.<\/p>\n<p>Vor Ort lassen sich viele Attraktionen bequem zu Fu\u00df erkunden, da die historischen Stadtzentren meist kompakt angelegt sind. F\u00fcr Ausfl\u00fcge in die Umgebung stehen zudem Busse, regionale Bahnlinien oder Bergbahnen zur Verf\u00fcgung. In vielen Alpenst\u00e4dten sind au\u00dferdem einige <a href=\"https:\/\/www.holidaytrex.com\/magazine.p25000.de\/travel-planning\/guestcards\/\" target=\"_blank\" rel=\"noopener\">G\u00e4stekarten<\/a> g\u00fcltig, mit denen Besucher \u00f6ffentliche Verkehrsmittel und verschiedene Attraktionen verg\u00fcnstigt oder sogar kostenlos nutzen k\u00f6nnen.<\/p>\n<h3 data-start=\"29376\" data-end=\"30693\">Beste Reisezeit<\/h3>\n<p>Alpenst\u00e4dte haben in allen Jahreszeiten einen ganz eigenen Charme. Im Sommer herrschen in den Bergen angenehme Temperaturen, die ideal f\u00fcr Stadtbummel, Wanderungen, Outdoor-Veranstaltungen und Ausfl\u00fcge zu Seen oder Almen sind. Der Herbst begeistert mit bunt gef\u00e4rbten B\u00e4umen und stabilem Wetter, das perfekt f\u00fcr Besuche in Weinregionen oder auf Herbstm\u00e4rkten ist. Der Fr\u00fchling ist wortw\u00f6rtlich die Zeit des Erwachens. W\u00e4hrend die hohen Berge noch schneebedeckt sind, bl\u00fchen in den T\u00e4lern meist schon die ersten Blumen.<\/p>\n<h2 data-start=\"31632\" data-end=\"31638\" id=\"faq-zu-alpenst\u00e4dten\">FAQ zu Alpenst\u00e4dten<\/h2>\n<h3>Welche bekannten St\u00e4dte liegen in den Alpen?<\/h3>\n<p>Zu den bekanntesten St\u00e4dten in den Alpen z\u00e4hlen Innsbruck, Salzburg und Bregenz in \u00d6sterreich, Luzern, Chur und Interlaken in der Schweiz, Bozen, Meran und Aosta in <a href=\"https:\/\/www.holidaytrex.com\/country\/holidays\/it\/4028819a696b70980169bea5caf5646f.p11000.de.html\" target=\"_blank\" rel=\"noopener\">Italien<\/a> sowie Grenoble, Annecy und Gap in Frankreich. In <a href=\"https:\/\/www.holidaytrex.com\/country\/holidays\/de\/4028819a662019d90167122baa19513b.p11000.de.html\" target=\"_blank\" rel=\"noopener\">Deutschland<\/a> sind prim\u00e4r Garmisch-Partenkirchen, Berchtesgaden und Bad Reichenhall bekannt. Erg\u00e4nzend dazu liegen auch kleinere St\u00e4dte wie Vaduz in Liechtenstein oder Kranj in Slowenien im Alpenraum. Sie alle sind durch ihre Lage zwischen Gipfeln, Seen und T\u00e4lern gepr\u00e4gt und bieten eine Kombination aus historischer Altstadt, regionalen Spezialit\u00e4ten und vielf\u00e4ltigen Freizeitangeboten.<\/p>\n<h3>Welche sind die sch\u00f6nsten St\u00e4dte in den Alpen?<\/h3>\n<p>Zu den besonders sehenswerten St\u00e4dten in den Alpen z\u00e4hlen Innsbruck, Salzburg, Luzern, Bozen, Annecy und Interlaken. Sie alle beeindrucken durch eine Kombination aus historischer Architektur, lebendigen Stadtzentren und spektakul\u00e4ren Bergpanoramen. Innsbruck punktet mit der Nordkette und seiner mittelalterlichen Altstadt, Luzern ist f\u00fcr seine Kapellbr\u00fccke und die Lage am Vierwaldst\u00e4ttersee bekannt. Annecy wird wegen seiner Kan\u00e4le auch als das &#8222;Venedig der Alpen&#8220; bezeichnet, und Bozen begeistert mit einer einzigartigen Mischung aus mediterranem Flair und alpiner Tradition.<\/p>\n<h3>Welche Alpenst\u00e4dte eignen sich besonders gut f\u00fcr einen St\u00e4dteurlaub?<\/h3>\n<p>F\u00fcr einen klassischen St\u00e4dtetrip in den Alpen eignen sich Salzburg, Luzern, Innsbruck, Bozen und Grenoble besonders gut. Sie verf\u00fcgen \u00fcber kompakte Altst\u00e4dte mit vielen Sehensw\u00fcrdigkeiten, sind per Bahn gut erreichbar und bieten zahlreiche Hotels in zentraler Lage. Gleichzeitig sind umliegende Berge, Seen und Aussichtspunkte in wenigen Minuten mit Bergbahnen oder Bussen erreichbar.<\/p>\n<h3>Welche Alpenstadt ist perfekt f\u00fcr einen Sommer- oder Wanderurlaub?<\/h3>\n<p>Interlaken, Innsbruck, Chur und Garmisch-Partenkirchen gelten als besonders gute Ausgangspunkte f\u00fcr einen Sommer- oder Wanderurlaub. Interlaken ist als \u201eAbenteuerstadt der Schweiz\u201c bekannt und bietet Aktivit\u00e4ten wie Paragliding, Rafting oder Wanderungen in der Region Jungfrau. Innsbruck \u00fcberzeugt durch die schnelle Erreichbarkeit hochalpiner Wanderwege mit der Nordkettenbahn. In Garmisch-Partenkirchen locken die Zugspitze, die Partnachklamm und zahlreiche Bergtouren. Chur ist ideal gelegen, um die umliegenden B\u00fcndner Alpent\u00e4ler zu erkunden.<\/p>\n<h3>Welche Alpenstadt bietet sowohl Stadtleben als auch M\u00f6glichkeiten f\u00fcr Aktivurlaub?<\/h3>\n<p>Viele Alpenst\u00e4dte verbinden urbanes Leben mit unmittelbarer N\u00e4he zur Natur. Besonders deutlich wird das in Innsbruck, Luzern, Bozen und Grenoble. In Innsbruck beispielsweise liegen Wander- und Skigebiete direkt an der Stadtgrenze. Luzern bietet neben kulturellen Veranstaltungen und Sehensw\u00fcrdigkeiten schnellen Zugang zu Gipfeln wie dem Pilatus. Bozen verbindet italienische Lebensart mit Wanderungen in den Dolomiten und Grenoble ist als Universit\u00e4ts- und Technologiestadt zugleich Ausgangspunkt f\u00fcr zahlreiche Bergsportarten.<\/p>\n<h3>Wie planen Besucher eine St\u00e4dtereise in die Alpen am besten, was Anreise und Unterkunft betrifft?<\/h3>\n<p>Viele Alpenst\u00e4dte wie Innsbruck, Salzburg, Bozen oder Chur sind gut an das internationale Bahnnetz angebunden und lassen sich bequem und <a href=\"https:\/\/www.holidaytrex.com\/magazine.p25000.de\/sustainability\/holidays-by-train\/\" target=\"_blank\" rel=\"noopener\">umweltfreundlich mit dem Zug erreichen<\/a>. Alternativ ist auch die Anreise mit dem Auto m\u00f6glich. Vor Ort sind die historischen Stadtzentren meist kompakt, sodass sich viele Sehensw\u00fcrdigkeiten zu Fu\u00df erkunden lassen, w\u00e4hrend Bergbahnen oder regionale Busse Ausfl\u00fcge in die umliegende Natur erleichtern. Bei der Unterkunft empfiehlt sich eine zentrale Lage oder ein Hotel in der N\u00e4he von Wander- und Ausflugsgebieten. Spezialisierte Reiseanbieter wie HolidayTrex bieten passende Angebote in beliebten Alpenregionen mit sorgf\u00e4ltig ausgew\u00e4hlten Hotels und Appartements, h\u00e4ufig in unmittelbarer N\u00e4he zu Wanderwegen oder Sehensw\u00fcrdigkeiten. Das Programm umfasst zahlreiche Unterk\u00fcnfte in Bergdestinationen und richtet sich an Aktivurlauber, Familien oder Paare, die Naturerlebnis und Komfort kombinieren m\u00f6chten.<\/p>\n","protected":false},"excerpt":{"rendered":"<p>Sehensw\u00fcrdigkeiten entdecken, regionale Spezialit\u00e4ten probieren, durch charmante Einkaufsstra\u00dfen bummeln und den Tag in Bars oder Restaurants ausklingen lassen. Die sch\u00f6nsten St\u00e4dte in den Alpen verbinden genau das: Kultur, Genuss und Abwechslung. Und in Europas gr\u00f6\u00dftem Hochgebirge kommt dann noch eine besondere Kulisse hinzu, denn viele Orte liegen hier direkt vor einer beeindruckenden Bergkulisse. St\u00e4dte wie Innsbruck zeigen dabei, dass urbanes Leben und wunderbare Natur ganz nah beieinanderliegen k\u00f6nnen. Wo historische Altst\u00e4dte zwischen Fr\u00fchling und Herbst, in Kombination mit einer vielf\u00e4ltigen Gastronomie und atemberaubenden Gipfelblicken zu spannenden Reisedestinationen werden, zeigt HolidayTrex.<\/p>\n","protected":false},"author":171,"featured_media":1232,"comment_status":"closed","ping_status":"closed","sticky":false,"template":"","format":"standard","meta":{"footnotes":""},"categories":[20],"tags":[176,74,6,9,12,17,72],"class_list":["post-948","post","type-post","status-publish","format-standard","has-post-thumbnail","hentry","category-destinations","tag-bayerische-alpen","tag-berchtesgadener_land","tag-deutschland","tag-italien","tag-oesterreich","tag-schweiz","tag-zugspitze"],"yoast_head":"<!-- This site is optimized with the Yoast SEO Premium plugin v27.3 (Yoast SEO v27.3) - https:\/\/yoast.com\/product\/yoast-seo-premium-wordpress\/ -->\n<title>St\u00e4dte in den Alpen - Die sch\u00f6nsten Alpenst\u00e4dte im \u00dcberblick<\/title>\n<meta name=\"description\" content=\"St\u00e4dte in den Alpen vereinen Kultur, Natur und Genuss. HolidayTrex zeigt die sch\u00f6nsten Reiseziele f\u00fcr spannende St\u00e4dtetrips.\" \/>\n<meta name=\"robots\" content=\"index, follow, max-snippet:-1, max-image-preview:large, max-video-preview:-1\" \/>\n<link rel=\"canonical\" href=\"https:\/\/www.holidaytrex.com\/magazine.p25000.de\/destinations\/cities-in-the-alps\/\" \/>\n<meta property=\"og:locale\" content=\"de_DE\" \/>\n<meta property=\"og:type\" content=\"article\" \/>\n<meta property=\"og:title\" content=\"St\u00e4dte in den Alpen: Die sch\u00f6nsten Ziele f\u00fcr einen St\u00e4dtetrip\" \/>\n<meta property=\"og:description\" content=\"Sehensw\u00fcrdigkeiten entdecken, regionale Spezialit\u00e4ten probieren, durch charmante Einkaufsstra\u00dfen bummeln und den Tag in Bars oder Restaurants ausklingen lassen. Die sch\u00f6nsten St\u00e4dte in den Alpen verbinden genau das: Kultur, Genuss und Abwechslung. Und in Europas gr\u00f6\u00dftem Hochgebirge kommt dann noch eine besondere Kulisse hinzu, denn viele Orte liegen hier direkt vor einer beeindruckenden Bergkulisse. St\u00e4dte wie Innsbruck zeigen dabei, dass urbanes Leben und wunderbare Natur ganz nah beieinanderliegen k\u00f6nnen. Wo historische Altst\u00e4dte zwischen Fr\u00fchling und Herbst, in Kombination mit einer vielf\u00e4ltigen Gastronomie und atemberaubenden Gipfelblicken zu spannenden Reisedestinationen werden, zeigt HolidayTrex.\" \/>\n<meta property=\"og:url\" content=\"https:\/\/www.holidaytrex.com\/magazine.p25000.de\/destinations\/cities-in-the-alps\/\" \/>\n<meta property=\"og:site_name\" content=\"HolidayTrex Magazin\" \/>\n<meta property=\"article:publisher\" content=\"https:\/\/www.facebook.com\/p\/HolidayTrex-61573623030211\/\" \/>\n<meta property=\"article:published_time\" content=\"2026-03-15T11:15:48+00:00\" \/>\n<meta property=\"article:modified_time\" content=\"2026-03-23T11:34:50+00:00\" \/>\n<meta property=\"og:image\" content=\"https:\/\/www.holidaytrex.com\/magazine.p25000.de\/files\/2026\/03\/RS28561_shutterstock_2169868367-hsc.jpg\" \/>\n\t<meta property=\"og:image:width\" content=\"1920\" \/>\n\t<meta property=\"og:image:height\" content=\"1383\" \/>\n\t<meta property=\"og:image:type\" content=\"image\/jpeg\" \/>\n<meta name=\"author\" content=\"HolidayTrex\" \/>\n<meta name=\"twitter:card\" content=\"summary_large_image\" \/>\n<meta name=\"twitter:label1\" content=\"Verfasst von\" \/>\n\t<meta name=\"twitter:data1\" content=\"HolidayTrex\" \/>\n\t<meta name=\"twitter:label2\" content=\"Gesch\u00e4tzte Lesezeit\" \/>\n\t<meta name=\"twitter:data2\" content=\"27\u00a0Minuten\" \/>\n<script type=\"application\/ld+json\" class=\"yoast-schema-graph\">{\"@context\":\"https:\\\/\\\/schema.org\",\"@graph\":[{\"@type\":\"Article\",\"@id\":\"http:\\\/\\\/wp-magazin-de.holidaytrex.com\\\/destinations\\\/cities-in-the-alps\\\/#article\",\"isPartOf\":{\"@id\":\"http:\\\/\\\/wp-magazin-de.holidaytrex.com\\\/destinations\\\/cities-in-the-alps\\\/\"},\"author\":{\"name\":\"HolidayTrex\",\"@id\":\"http:\\\/\\\/wp-magazin-de.holidaytrex.com\\\/#\\\/schema\\\/person\\\/091770934161403f3ba230b6216a6a54\"},\"headline\":\"St\u00e4dte in den Alpen: Die sch\u00f6nsten Ziele f\u00fcr einen St\u00e4dtetrip\",\"datePublished\":\"2026-03-15T11:15:48+00:00\",\"dateModified\":\"2026-03-23T11:34:50+00:00\",\"mainEntityOfPage\":{\"@id\":\"http:\\\/\\\/wp-magazin-de.holidaytrex.com\\\/destinations\\\/cities-in-the-alps\\\/\"},\"wordCount\":4581,\"publisher\":{\"@id\":\"http:\\\/\\\/wp-magazin-de.holidaytrex.com\\\/#organization\"},\"image\":{\"@id\":\"http:\\\/\\\/wp-magazin-de.holidaytrex.com\\\/destinations\\\/cities-in-the-alps\\\/#primaryimage\"},\"thumbnailUrl\":\"http:\\\/\\\/wp-magazin-de.holidaytrex.com\\\/files\\\/2026\\\/03\\\/RS28561_shutterstock_2169868367-hsc.jpg\",\"keywords\":[\"Bayerische Alpen\",\"Berchtesgadener Land\",\"Deutschland\",\"Italien\",\"\u00d6sterreich\",\"Schweiz\",\"Zugspitze\"],\"articleSection\":[\"Reiseziele\"],\"inLanguage\":\"de\"},{\"@type\":\"WebPage\",\"@id\":\"http:\\\/\\\/wp-magazin-de.holidaytrex.com\\\/destinations\\\/cities-in-the-alps\\\/\",\"url\":\"http:\\\/\\\/wp-magazin-de.holidaytrex.com\\\/destinations\\\/cities-in-the-alps\\\/\",\"name\":\"St\u00e4dte in den Alpen - Die sch\u00f6nsten Alpenst\u00e4dte im \u00dcberblick\",\"primaryImageOfPage\":{\"@id\":\"http:\\\/\\\/wp-magazin-de.holidaytrex.com\\\/destinations\\\/cities-in-the-alps\\\/#primaryimage\"},\"image\":{\"@id\":\"http:\\\/\\\/wp-magazin-de.holidaytrex.com\\\/destinations\\\/cities-in-the-alps\\\/#primaryimage\"},\"thumbnailUrl\":\"http:\\\/\\\/wp-magazin-de.holidaytrex.com\\\/files\\\/2026\\\/03\\\/RS28561_shutterstock_2169868367-hsc.jpg\",\"datePublished\":\"2026-03-15T11:15:48+00:00\",\"dateModified\":\"2026-03-23T11:34:50+00:00\",\"description\":\"St\u00e4dte in den Alpen vereinen Kultur, Natur und Genuss. HolidayTrex zeigt die sch\u00f6nsten Reiseziele f\u00fcr spannende St\u00e4dtetrips.\",\"inLanguage\":\"de\"},{\"@type\":\"ImageObject\",\"inLanguage\":\"de\",\"@id\":\"http:\\\/\\\/wp-magazin-de.holidaytrex.com\\\/destinations\\\/cities-in-the-alps\\\/#primaryimage\",\"url\":\"http:\\\/\\\/wp-magazin-de.holidaytrex.com\\\/files\\\/2026\\\/03\\\/RS28561_shutterstock_2169868367-hsc.jpg\",\"contentUrl\":\"http:\\\/\\\/wp-magazin-de.holidaytrex.com\\\/files\\\/2026\\\/03\\\/RS28561_shutterstock_2169868367-hsc.jpg\",\"width\":1920,\"height\":1383},{\"@type\":\"WebSite\",\"@id\":\"http:\\\/\\\/wp-magazin-de.holidaytrex.com\\\/#website\",\"url\":\"http:\\\/\\\/wp-magazin-de.holidaytrex.com\\\/\",\"name\":\"HolidayTrex Magazin\",\"description\":\"Alles rund um Wandern, Naturgenuss &amp; Sommerurlaub in den Bergen &amp; am Meer\",\"publisher\":{\"@id\":\"http:\\\/\\\/wp-magazin-de.holidaytrex.com\\\/#organization\"},\"inLanguage\":\"de\"},{\"@type\":\"Organization\",\"@id\":\"http:\\\/\\\/wp-magazin-de.holidaytrex.com\\\/#organization\",\"name\":\"TravelTrex GmbH\",\"url\":\"http:\\\/\\\/wp-magazin-de.holidaytrex.com\\\/\",\"logo\":{\"@type\":\"ImageObject\",\"inLanguage\":\"de\",\"@id\":\"http:\\\/\\\/wp-magazin-de.holidaytrex.com\\\/#\\\/schema\\\/logo\\\/image\\\/\",\"url\":\"http:\\\/\\\/wp-magazin-de.holidaytrex.com\\\/files\\\/2025\\\/09\\\/TravelTrex-Logo_RGB_transp.png\",\"contentUrl\":\"http:\\\/\\\/wp-magazin-de.holidaytrex.com\\\/files\\\/2025\\\/09\\\/TravelTrex-Logo_RGB_transp.png\",\"width\":1080,\"height\":282,\"caption\":\"TravelTrex GmbH\"},\"image\":{\"@id\":\"http:\\\/\\\/wp-magazin-de.holidaytrex.com\\\/#\\\/schema\\\/logo\\\/image\\\/\"},\"sameAs\":[\"https:\\\/\\\/www.facebook.com\\\/p\\\/HolidayTrex-61573623030211\\\/\",\"https:\\\/\\\/www.instagram.com\\\/holidaytrex_official\\\/\"],\"description\":\"HolidayTrex ist Spezialist f\u00fcr Alpenurlaub und bietet seine Reisen \u00fcberwiegend in \u00d6sterreich, Deutschland, Italien und der Schweiz an \u2013 erg\u00e4nzt durch ausgew\u00e4hlte Angebote an der Ostsee.\",\"email\":\"info-de@holidaytrex.com\",\"telephone\":\"01806 77 35 00 10\",\"legalName\":\"TravelTrex GmbH\",\"foundingDate\":\"1999-07-01\",\"vatID\":\"DE 813 076 768\",\"numberOfEmployees\":{\"@type\":\"QuantitativeValue\",\"minValue\":\"51\",\"maxValue\":\"200\"}},{\"@type\":\"Person\",\"@id\":\"http:\\\/\\\/wp-magazin-de.holidaytrex.com\\\/#\\\/schema\\\/person\\\/091770934161403f3ba230b6216a6a54\",\"name\":\"HolidayTrex\",\"description\":\"Die Redaktion des HolidayTrex-Magazins besteht aus erfahrenen Reiseexperten mit einer besonderen Leidenschaft f\u00fcr Urlaub in den Bergen. Sie teilen fundiertes Wissen \u00fcber Wanderregionen, Ausflugsziele und Aktivit\u00e4ten f\u00fcr Natururlauber, Familien und Aktivreisende. HolidayTrex ist Spezialist f\u00fcr Alpenurlaub und bietet seine Reisen \u00fcberwiegend in \u00d6sterreich, Deutschland, Italien und der Schweiz an \u2013 erg\u00e4nzt durch ausgew\u00e4hlte Angebote an der Ostsee.\",\"sameAs\":[\"https:\\\/\\\/www.holidaytrex.com\\\/index.de.html\",\"https:\\\/\\\/www.instagram.com\\\/holidaytrex_official\\\/\"]}]}<\/script>\n<!-- \/ Yoast SEO Premium plugin. -->","yoast_head_json":{"title":"St\u00e4dte in den Alpen - Die sch\u00f6nsten Alpenst\u00e4dte im \u00dcberblick","description":"St\u00e4dte in den Alpen vereinen Kultur, Natur und Genuss. HolidayTrex zeigt die sch\u00f6nsten Reiseziele f\u00fcr spannende St\u00e4dtetrips.","robots":{"index":"index","follow":"follow","max-snippet":"max-snippet:-1","max-image-preview":"max-image-preview:large","max-video-preview":"max-video-preview:-1"},"canonical":"https:\/\/www.holidaytrex.com\/magazine.p25000.de\/destinations\/cities-in-the-alps\/","og_locale":"de_DE","og_type":"article","og_title":"St\u00e4dte in den Alpen: Die sch\u00f6nsten Ziele f\u00fcr einen St\u00e4dtetrip","og_description":"Sehensw\u00fcrdigkeiten entdecken, regionale Spezialit\u00e4ten probieren, durch charmante Einkaufsstra\u00dfen bummeln und den Tag in Bars oder Restaurants ausklingen lassen. Die sch\u00f6nsten St\u00e4dte in den Alpen verbinden genau das: Kultur, Genuss und Abwechslung. Und in Europas gr\u00f6\u00dftem Hochgebirge kommt dann noch eine besondere Kulisse hinzu, denn viele Orte liegen hier direkt vor einer beeindruckenden Bergkulisse. St\u00e4dte wie Innsbruck zeigen dabei, dass urbanes Leben und wunderbare Natur ganz nah beieinanderliegen k\u00f6nnen. Wo historische Altst\u00e4dte zwischen Fr\u00fchling und Herbst, in Kombination mit einer vielf\u00e4ltigen Gastronomie und atemberaubenden Gipfelblicken zu spannenden Reisedestinationen werden, zeigt HolidayTrex.","og_url":"https:\/\/www.holidaytrex.com\/magazine.p25000.de\/destinations\/cities-in-the-alps\/","og_site_name":"HolidayTrex Magazin","article_publisher":"https:\/\/www.facebook.com\/p\/HolidayTrex-61573623030211\/","article_published_time":"2026-03-15T11:15:48+00:00","article_modified_time":"2026-03-23T11:34:50+00:00","og_image":[{"width":1920,"height":1383,"url":"https:\/\/www.holidaytrex.com\/magazine.p25000.de\/files\/2026\/03\/RS28561_shutterstock_2169868367-hsc.jpg","type":"image\/jpeg"}],"author":"HolidayTrex","twitter_card":"summary_large_image","twitter_misc":{"Verfasst von":"HolidayTrex","Gesch\u00e4tzte Lesezeit":"27\u00a0Minuten"},"schema":{"@context":"https:\/\/schema.org","@graph":[{"@type":"Article","@id":"https:\/\/www.holidaytrex.com\/magazine.p25000.de\/destinations\/cities-in-the-alps\/#article","isPartOf":{"@id":"https:\/\/www.holidaytrex.com\/magazine.p25000.de\/destinations\/cities-in-the-alps\/"},"author":{"name":"HolidayTrex","@id":"https:\/\/www.holidaytrex.com\/magazine.p25000.de\/#\/schema\/person\/091770934161403f3ba230b6216a6a54"},"headline":"St\u00e4dte in den Alpen: Die sch\u00f6nsten Ziele f\u00fcr einen St\u00e4dtetrip","datePublished":"2026-03-15T11:15:48+00:00","dateModified":"2026-03-23T11:34:50+00:00","mainEntityOfPage":{"@id":"https:\/\/www.holidaytrex.com\/magazine.p25000.de\/destinations\/cities-in-the-alps\/"},"wordCount":4581,"publisher":{"@id":"https:\/\/www.holidaytrex.com\/magazine.p25000.de\/#organization"},"image":{"@id":"https:\/\/www.holidaytrex.com\/magazine.p25000.de\/destinations\/cities-in-the-alps\/#primaryimage"},"thumbnailUrl":"https:\/\/www.holidaytrex.com\/magazine.p25000.de\/files\/2026\/03\/RS28561_shutterstock_2169868367-hsc.jpg","keywords":["Bayerische Alpen","Berchtesgadener Land","Deutschland","Italien","\u00d6sterreich","Schweiz","Zugspitze"],"articleSection":["Reiseziele"],"inLanguage":"de"},{"@type":"WebPage","@id":"https:\/\/www.holidaytrex.com\/magazine.p25000.de\/destinations\/cities-in-the-alps\/","url":"https:\/\/www.holidaytrex.com\/magazine.p25000.de\/destinations\/cities-in-the-alps\/","name":"St\u00e4dte in den Alpen - Die sch\u00f6nsten Alpenst\u00e4dte im \u00dcberblick","primaryImageOfPage":{"@id":"https:\/\/www.holidaytrex.com\/magazine.p25000.de\/destinations\/cities-in-the-alps\/#primaryimage"},"image":{"@id":"https:\/\/www.holidaytrex.com\/magazine.p25000.de\/destinations\/cities-in-the-alps\/#primaryimage"},"thumbnailUrl":"https:\/\/www.holidaytrex.com\/magazine.p25000.de\/files\/2026\/03\/RS28561_shutterstock_2169868367-hsc.jpg","datePublished":"2026-03-15T11:15:48+00:00","dateModified":"2026-03-23T11:34:50+00:00","description":"St\u00e4dte in den Alpen vereinen Kultur, Natur und Genuss. HolidayTrex zeigt die sch\u00f6nsten Reiseziele f\u00fcr spannende St\u00e4dtetrips.","inLanguage":"de"},{"@type":"ImageObject","inLanguage":"de","@id":"https:\/\/www.holidaytrex.com\/magazine.p25000.de\/destinations\/cities-in-the-alps\/#primaryimage","url":"https:\/\/www.holidaytrex.com\/magazine.p25000.de\/files\/2026\/03\/RS28561_shutterstock_2169868367-hsc.jpg","contentUrl":"https:\/\/www.holidaytrex.com\/magazine.p25000.de\/files\/2026\/03\/RS28561_shutterstock_2169868367-hsc.jpg","width":1920,"height":1383},{"@type":"WebSite","@id":"https:\/\/www.holidaytrex.com\/magazine.p25000.de\/#website","url":"https:\/\/www.holidaytrex.com\/magazine.p25000.de\/","name":"HolidayTrex Magazin","description":"Alles rund um Wandern, Naturgenuss &amp; Sommerurlaub in den Bergen &amp; am Meer","publisher":{"@id":"https:\/\/www.holidaytrex.com\/magazine.p25000.de\/#organization"},"inLanguage":"de"},{"@type":"Organization","@id":"https:\/\/www.holidaytrex.com\/magazine.p25000.de\/#organization","name":"TravelTrex GmbH","url":"https:\/\/www.holidaytrex.com\/magazine.p25000.de\/","logo":{"@type":"ImageObject","inLanguage":"de","@id":"https:\/\/www.holidaytrex.com\/magazine.p25000.de\/#\/schema\/logo\/image\/","url":"https:\/\/www.holidaytrex.com\/magazine.p25000.de\/files\/2025\/09\/TravelTrex-Logo_RGB_transp.png","contentUrl":"https:\/\/www.holidaytrex.com\/magazine.p25000.de\/files\/2025\/09\/TravelTrex-Logo_RGB_transp.png","width":1080,"height":282,"caption":"TravelTrex GmbH"},"image":{"@id":"https:\/\/www.holidaytrex.com\/magazine.p25000.de\/#\/schema\/logo\/image\/"},"sameAs":["https:\/\/www.facebook.com\/p\/HolidayTrex-61573623030211\/","https:\/\/www.instagram.com\/holidaytrex_official\/"],"description":"HolidayTrex ist Spezialist f\u00fcr Alpenurlaub und bietet seine Reisen \u00fcberwiegend in \u00d6sterreich, Deutschland, Italien und der Schweiz an \u2013 erg\u00e4nzt durch ausgew\u00e4hlte Angebote an der Ostsee.","email":"info-de@holidaytrex.com","telephone":"01806 77 35 00 10","legalName":"TravelTrex GmbH","foundingDate":"1999-07-01","vatID":"DE 813 076 768","numberOfEmployees":{"@type":"QuantitativeValue","minValue":"51","maxValue":"200"}},{"@type":"Person","@id":"https:\/\/www.holidaytrex.com\/magazine.p25000.de\/#\/schema\/person\/091770934161403f3ba230b6216a6a54","name":"HolidayTrex","description":"Die Redaktion des HolidayTrex-Magazins besteht aus erfahrenen Reiseexperten mit einer besonderen Leidenschaft f\u00fcr Urlaub in den Bergen. Sie teilen fundiertes Wissen \u00fcber Wanderregionen, Ausflugsziele und Aktivit\u00e4ten f\u00fcr Natururlauber, Familien und Aktivreisende. HolidayTrex ist Spezialist f\u00fcr Alpenurlaub und bietet seine Reisen \u00fcberwiegend in \u00d6sterreich, Deutschland, Italien und der Schweiz an \u2013 erg\u00e4nzt durch ausgew\u00e4hlte Angebote an der Ostsee.","sameAs":["https:\/\/www.holidaytrex.com\/index.de.html","https:\/\/www.instagram.com\/holidaytrex_official\/"]}]}},"wp-worthy-pixel":{"ignored":false,"public":null,"server":null,"url":null},"wp-worthy-type":"normal","_links":{"self":[{"href":"https:\/\/www.holidaytrex.com\/magazine.p25000.de\/wp-json\/wp\/v2\/posts\/948","targetHints":{"allow":["GET"]}}],"collection":[{"href":"https:\/\/www.holidaytrex.com\/magazine.p25000.de\/wp-json\/wp\/v2\/posts"}],"about":[{"href":"https:\/\/www.holidaytrex.com\/magazine.p25000.de\/wp-json\/wp\/v2\/types\/post"}],"author":[{"embeddable":true,"href":"https:\/\/www.holidaytrex.com\/magazine.p25000.de\/wp-json\/wp\/v2\/users\/171"}],"replies":[{"embeddable":true,"href":"https:\/\/www.holidaytrex.com\/magazine.p25000.de\/wp-json\/wp\/v2\/comments?post=948"}],"version-history":[{"count":19,"href":"https:\/\/www.holidaytrex.com\/magazine.p25000.de\/wp-json\/wp\/v2\/posts\/948\/revisions"}],"predecessor-version":[{"id":1274,"href":"https:\/\/www.holidaytrex.com\/magazine.p25000.de\/wp-json\/wp\/v2\/posts\/948\/revisions\/1274"}],"wp:featuredmedia":[{"embeddable":true,"href":"https:\/\/www.holidaytrex.com\/magazine.p25000.de\/wp-json\/wp\/v2\/media\/1232"}],"wp:attachment":[{"href":"https:\/\/www.holidaytrex.com\/magazine.p25000.de\/wp-json\/wp\/v2\/media?parent=948"}],"wp:term":[{"taxonomy":"category","embeddable":true,"href":"https:\/\/www.holidaytrex.com\/magazine.p25000.de\/wp-json\/wp\/v2\/categories?post=948"},{"taxonomy":"post_tag","embeddable":true,"href":"https:\/\/www.holidaytrex.com\/magazine.p25000.de\/wp-json\/wp\/v2\/tags?post=948"}],"curies":[{"name":"wp","href":"https:\/\/api.w.org\/{rel}","templated":true}]}}